{"id":36704,"date":"2019-05-26T15:14:26","date_gmt":"2019-05-26T19:14:26","guid":{"rendered":"https:\/\/linitiative.ca\/International\/equipe-dalgerie-belmadi-actuellement-il-ny-a-plus-de-petites-equipes-en-afrique\/"},"modified":"2019-05-26T15:14:26","modified_gmt":"2019-05-26T19:14:26","slug":"equipe-dalgerie-belmadi-actuellement-il-ny-a-plus-de-petites-equipes-en-afrique","status":"publish","type":"post","link":"https:\/\/linitiative.ca\/International\/equipe-dalgerie-belmadi-actuellement-il-ny-a-plus-de-petites-equipes-en-afrique\/","title":{"rendered":"Equipe d&rsquo;Alg\u00e9rie : Belmadi : \u00abActuellement il n\u2019y a plus de petites \u00e9quipes en Afrique\u00bb"},"content":{"rendered":"<div readability=\"32\">\n<p>Auteur : <span>Riad O.<\/span> <span class=\"time\">dimanche 26 mai 2019 19:26<\/span><\/p>\n<\/div>\n<div id=\"post_core\" readability=\"38\">\n<p>Le s\u00e9lectionneur national, Djamel Belmadi a \u00e9voqu\u00e9 la comp\u00e9tition africaine en d\u00e9clarant\u00a0qu\u2019elle\u00a0\u00absera plus ouverte pour toutes les \u00e9quipes qualifi\u00e9es.\u00bb<\/p>\n<p>Il a ajout\u00e9\u00a0au site de la Conf\u00e9d\u00e9ration africaine de Football:\u00a0\u00abActuellement il n\u2019y a plus de petites \u00e9quipes. Il y a plus de chance de passer le premier tour mais la comp\u00e9tition sera plus dure d\u00e8s les huiti\u00e8mes et quarts de finale.\u00bb<\/p>\n<p><strong>Publi\u00e9 dans :<\/strong> <span>Belmadi<\/span><\/p>\n<\/div>\n<p>Auteur:<br \/>\n<a href=\"http:\/\/www.lebuteur.com\/article\/detail?titre=belmadi-actuellement-il-ny-a-plus-de-petites-equipes-en-afrique&#038;id=89121&#038;utm_source=feedburner&#038;utm_medium=feed&#038;utm_campaign=Feed%3A+GalerieFArtciles+%28Les+derniers+articles++-+lebuteur.com%29\">Cliquez ici pour lire l&rsquo;article depuis sa source.<\/a><\/p>\n","protected":false},"excerpt":{"rendered":"<p>Auteur : Riad O. dimanche 26 mai 2019 19:26 Le s\u00e9lectionneur national, Djamel Belmadi a \u00e9voqu\u00e9 la comp\u00e9tition africaine en d\u00e9clarant\u00a0qu\u2019elle\u00a0\u00absera plus ouverte pour toutes les \u00e9quipes qualifi\u00e9es.\u00bb Il a ajout\u00e9\u00a0au site de la Conf\u00e9d\u00e9ration africaine de Football:\u00a0\u00abActuellement il n\u2019y a plus de petites \u00e9quipes. Il y a plus de chance de passer le premier [&hellip;]<\/p>\n","protected":false},"author":1738,"featured_media":36705,"comment_status":"closed","ping_status":"closed","sticky":false,"template":"","format":"standard","meta":{"fifu_image_url":"","fifu_image_alt":"","footnotes":""},"categories":[53,75],"tags":[],"class_list":["post-36704","post","type-post","status-publish","format-standard","has-post-thumbnail","hentry","category-algerie","category-sport"],"_links":{"self":[{"href":"https:\/\/linitiative.ca\/International\/wp-json\/wp\/v2\/posts\/36704","targetHints":{"allow":["GET"]}}],"collection":[{"href":"https:\/\/linitiative.ca\/International\/wp-json\/wp\/v2\/posts"}],"about":[{"href":"https:\/\/linitiative.ca\/International\/wp-json\/wp\/v2\/types\/post"}],"author":[{"embeddable":true,"href":"https:\/\/linitiative.ca\/International\/wp-json\/wp\/v2\/users\/1738"}],"replies":[{"embeddable":true,"href":"https:\/\/linitiative.ca\/International\/wp-json\/wp\/v2\/comments?post=36704"}],"version-history":[{"count":0,"href":"https:\/\/linitiative.ca\/International\/wp-json\/wp\/v2\/posts\/36704\/revisions"}],"wp:featuredmedia":[{"embeddable":true,"href":"https:\/\/linitiative.ca\/International\/wp-json\/"}],"wp:attachment":[{"href":"https:\/\/linitiative.ca\/International\/wp-json\/wp\/v2\/media?parent=36704"}],"wp:term":[{"taxonomy":"category","embeddable":true,"href":"https:\/\/linitiative.ca\/International\/wp-json\/wp\/v2\/categories?post=36704"},{"taxonomy":"post_tag","embeddable":true,"href":"https:\/\/linitiative.ca\/International\/wp-json\/wp\/v2\/tags?post=36704"}],"curies":[{"name":"wp","href":"https:\/\/api.w.org\/{rel}","templated":true}]}}