{"id":36706,"date":"2019-05-26T15:14:27","date_gmt":"2019-05-26T19:14:27","guid":{"rendered":"https:\/\/linitiative.ca\/International\/pros-fc-porto-les-supporteurs-font-leurs-adieux-a-brahimi\/"},"modified":"2019-05-26T15:14:27","modified_gmt":"2019-05-26T19:14:27","slug":"pros-fc-porto-les-supporteurs-font-leurs-adieux-a-brahimi","status":"publish","type":"post","link":"https:\/\/linitiative.ca\/International\/pros-fc-porto-les-supporteurs-font-leurs-adieux-a-brahimi\/","title":{"rendered":"Pros : FC Porto : Les supporteurs font leurs adieux \u00e0 Brahimi"},"content":{"rendered":"<div readability=\"32\">\n<p>Auteur : <span class=\"time\">dimanche 26 mai 2019 19:31<\/span><\/p>\n<\/div>\n<div id=\"post_core\" readability=\"36\">\n<p>Une finale que le FC Porto a perdu aux tirs au but face au Sporting Portugal et qui marquera tr\u00e8s probablement la derni\u00e8re de Yacine Brahimi sous les couleurs des Dragons apr\u00e8s cinq ans de bons et loyaux services. Et selon les informations du journal O Jogo, plusieurs supporteurs portugais ont discut\u00e9 avec l&rsquo;international alg\u00e9rien apr\u00e8s le coup de sifflet final et lui ont demand\u00e9 des explications sur cette d\u00e9faite face au Sporting.<\/p>\n<p><strong>Publi\u00e9 dans :<\/strong> <span>FC Porto<\/span><\/p>\n<\/div>\n<p>Auteur:<br \/>\n<a href=\"http:\/\/www.lebuteur.com\/article\/detail?titre=fc-porto-les-supporteurs-font-leurs-adieux-a-brahimi&#038;id=89122&#038;utm_source=feedburner&#038;utm_medium=feed&#038;utm_campaign=Feed%3A+GalerieFArtciles+%28Les+derniers+articles++-+lebuteur.com%29\">Cliquez ici pour lire l&rsquo;article depuis sa source.<\/a><\/p>\n","protected":false},"excerpt":{"rendered":"<p>Auteur : dimanche 26 mai 2019 19:31 Une finale que le FC Porto a perdu aux tirs au but face au Sporting Portugal et qui marquera tr\u00e8s probablement la derni\u00e8re de Yacine Brahimi sous les couleurs des Dragons apr\u00e8s cinq ans de bons et loyaux services. Et selon les informations du journal O Jogo, plusieurs [&hellip;]<\/p>\n","protected":false},"author":1738,"featured_media":36707,"comment_status":"closed","ping_status":"closed","sticky":false,"template":"","format":"standard","meta":{"fifu_image_url":"","fifu_image_alt":"","footnotes":""},"categories":[53,75],"tags":[],"class_list":["post-36706","post","type-post","status-publish","format-standard","has-post-thumbnail","hentry","category-algerie","category-sport"],"_links":{"self":[{"href":"https:\/\/linitiative.ca\/International\/wp-json\/wp\/v2\/posts\/36706","targetHints":{"allow":["GET"]}}],"collection":[{"href":"https:\/\/linitiative.ca\/International\/wp-json\/wp\/v2\/posts"}],"about":[{"href":"https:\/\/linitiative.ca\/International\/wp-json\/wp\/v2\/types\/post"}],"author":[{"embeddable":true,"href":"https:\/\/linitiative.ca\/International\/wp-json\/wp\/v2\/users\/1738"}],"replies":[{"embeddable":true,"href":"https:\/\/linitiative.ca\/International\/wp-json\/wp\/v2\/comments?post=36706"}],"version-history":[{"count":0,"href":"https:\/\/linitiative.ca\/International\/wp-json\/wp\/v2\/posts\/36706\/revisions"}],"wp:featuredmedia":[{"embeddable":true,"href":"https:\/\/linitiative.ca\/International\/wp-json\/"}],"wp:attachment":[{"href":"https:\/\/linitiative.ca\/International\/wp-json\/wp\/v2\/media?parent=36706"}],"wp:term":[{"taxonomy":"category","embeddable":true,"href":"https:\/\/linitiative.ca\/International\/wp-json\/wp\/v2\/categories?post=36706"},{"taxonomy":"post_tag","embeddable":true,"href":"https:\/\/linitiative.ca\/International\/wp-json\/wp\/v2\/tags?post=36706"}],"curies":[{"name":"wp","href":"https:\/\/api.w.org\/{rel}","templated":true}]}}