{"id":36709,"date":"2019-05-25T19:00:00","date_gmt":"2019-05-25T23:00:00","guid":{"rendered":"https:\/\/linitiative.ca\/International\/lalgerie-affiliee-a-world-rugby-en-tant-que-membre-associe\/"},"modified":"2019-05-25T19:00:00","modified_gmt":"2019-05-25T23:00:00","slug":"lalgerie-affiliee-a-world-rugby-en-tant-que-membre-associe","status":"publish","type":"post","link":"https:\/\/linitiative.ca\/International\/lalgerie-affiliee-a-world-rugby-en-tant-que-membre-associe\/","title":{"rendered":"L\u2019Alg\u00e9rie, affili\u00e9e \u00e0 World Rugby  en tant que membre associ\u00e9"},"content":{"rendered":"<p>Le Comit\u00e9 ex\u00e9cutif de la F\u00e9d\u00e9ration internationale de Rugby (World Rugby) a vot\u00e9, lors d&rsquo;une r\u00e9union, mardi dernier dans la capitale irlandaise Dublin, en faveur du dossier d&rsquo;affiliation officielle de la F\u00e9d\u00e9ration alg\u00e9rienne de Rugby (FAR) en tant que membre associ\u00e9 au sein de la F\u00e9d\u00e9ration internationale, a indiqu\u00e9 mercredi dernier un communiqu\u00e9 de la FAR. \u00ab\u00a0C&rsquo;est un jour historique de voir notre affiliation officielle en tant que membre associ\u00e9 dans World Rugby, apr\u00e8s tant d&rsquo;efforts consentis pour atteindre cet objectif\u00a0\u00bb, a d\u00e9clar\u00e9 le pr\u00e9sident de la FAR, Sofiane Ben Hassen. Pour sa part, le pr\u00e9sident de Rugby Afrique, Khaled Babou, a f\u00e9licit\u00e9 la FAR pour cette ascension, soulignant que \u00ab\u00a0la FAR, cr\u00e9\u00e9e en 2015, a atteint en un temps record une \u00e9tape importante gr\u00e2ce aux efforts de son pr\u00e9sident et de l&rsquo;\u00e9quipe\u00a0\u00bb, ajoute la m\u00eame source. En mars dernier, le comit\u00e9 des r\u00e9gions relevant de l&rsquo;instance internationale (six r\u00e9gions dans le monde) avait accept\u00e9 la demande d\u2019affiliation de la FAR en tant que membre associ\u00e9 de World Rugby. Cependant, m\u00eame apr\u00e8s cette approbation, l&rsquo;Alg\u00e9rie devra attendre deux ans pour devenir membre permanent au sein de la F\u00e9d\u00e9ration internationale, permettant \u00e0 la s\u00e9lection nationale (s\u00e9nior) de disputer la phase des \u00e9liminatoires de la Coupe du monde-2023, pr\u00e9vue en France.\u00a0\u00a0\u00a0 La 9e \u00e9dition de la Coupe du monde de rugby \u00e0 15 est pr\u00e9vue en 2019 au Japon, alors que la France abritera la 10e \u00e9dition en 2023.\u2008L&rsquo;objectif principal de la s\u00e9lection alg\u00e9rienne \u00e9tant de se qualifier pour la 1re fois de son histoire au Mondial en France.<\/p>\n<p>Auteur: elmoudjahid<br \/>\n<a href=\"http:\/\/www.elmoudjahid.com\/fr\/actualites\/137307\">Cliquez ici pour lire l&rsquo;article depuis sa source.<\/a><\/p>\n","protected":false},"excerpt":{"rendered":"<p>Le Comit\u00e9 ex\u00e9cutif de la F\u00e9d\u00e9ration internationale de Rugby (World Rugby) a vot\u00e9, lors d&rsquo;une r\u00e9union, mardi dernier dans la capitale irlandaise Dublin, en faveur du dossier d&rsquo;affiliation officielle de la F\u00e9d\u00e9ration alg\u00e9rienne de Rugby (FAR) en tant que membre associ\u00e9 au sein de la F\u00e9d\u00e9ration internationale, a indiqu\u00e9 mercredi dernier un communiqu\u00e9 de la [&hellip;]<\/p>\n","protected":false},"author":1744,"featured_media":0,"comment_status":"closed","ping_status":"closed","sticky":false,"template":"","format":"standard","meta":{"fifu_image_url":"","fifu_image_alt":"","footnotes":""},"categories":[73,53],"tags":[],"class_list":["post-36709","post","type-post","status-publish","format-standard","hentry","category-actualite","category-algerie"],"_links":{"self":[{"href":"https:\/\/linitiative.ca\/International\/wp-json\/wp\/v2\/posts\/36709","targetHints":{"allow":["GET"]}}],"collection":[{"href":"https:\/\/linitiative.ca\/International\/wp-json\/wp\/v2\/posts"}],"about":[{"href":"https:\/\/linitiative.ca\/International\/wp-json\/wp\/v2\/types\/post"}],"author":[{"embeddable":true,"href":"https:\/\/linitiative.ca\/International\/wp-json\/wp\/v2\/users\/1744"}],"replies":[{"embeddable":true,"href":"https:\/\/linitiative.ca\/International\/wp-json\/wp\/v2\/comments?post=36709"}],"version-history":[{"count":0,"href":"https:\/\/linitiative.ca\/International\/wp-json\/wp\/v2\/posts\/36709\/revisions"}],"wp:attachment":[{"href":"https:\/\/linitiative.ca\/International\/wp-json\/wp\/v2\/media?parent=36709"}],"wp:term":[{"taxonomy":"category","embeddable":true,"href":"https:\/\/linitiative.ca\/International\/wp-json\/wp\/v2\/categories?post=36709"},{"taxonomy":"post_tag","embeddable":true,"href":"https:\/\/linitiative.ca\/International\/wp-json\/wp\/v2\/tags?post=36709"}],"curies":[{"name":"wp","href":"https:\/\/api.w.org\/{rel}","templated":true}]}}