{"id":36710,"date":"2019-05-25T19:00:00","date_gmt":"2019-05-25T23:00:00","guid":{"rendered":"https:\/\/linitiative.ca\/International\/lutte-jeux-africains-2019-12-athletes-algeriens-en-stage-de-preparation-en-italie\/"},"modified":"2019-05-25T19:00:00","modified_gmt":"2019-05-25T23:00:00","slug":"lutte-jeux-africains-2019-12-athletes-algeriens-en-stage-de-preparation-en-italie","status":"publish","type":"post","link":"https:\/\/linitiative.ca\/International\/lutte-jeux-africains-2019-12-athletes-algeriens-en-stage-de-preparation-en-italie\/","title":{"rendered":"Lutte : Jeux africains-2019  : 12 athl\u00e8tes alg\u00e9riens en stage de pr\u00e9paration en Italie"},"content":{"rendered":"<p>\u00a0<br \/>\u00a0<br \/>Douze athl\u00e8tes de la s\u00e9lection alg\u00e9rienne (juniors et seniors) effectuent depuis jeudi un stage de pr\u00e9paration dans la ville italienne Sassari (Italie), en vue des Jeux africains-2019, a-t-on appris de la F\u00e9d\u00e9ration alg\u00e9rienne des luttes associ\u00e9es (FALA). Sous la conduite du staff technique national, compos\u00e9 des entra\u00eeneurs Aoune Fay\u00e7al et Bendjedaa Ma\u00e2zouz, les Alg\u00e9riens ont entam\u00e9 ce stage de pr\u00e9paration en prenant part au Tournoi international de Sassari (23-25 mai), r\u00e9serv\u00e9 aux athl\u00e8tes de la lutte libre (juniors). Quatre athl\u00e8tes de la s\u00e9lection juniors ont \u00e9t\u00e9 s\u00e9lectionn\u00e9s pour prendre part \u00e0 ce tournoi qui verra la participation des meilleurs lutteurs mondiaux de la lutte libre : Kherbache Abdelhak, Lakel Mohamed-Amine, Lakel\u00a0\u00a0 Fares et Fateh Benferdjellah. De leur c\u00f4t\u00e9, les seniors (gr\u00e9co-romaine) profiteront de ce nouveau cycle de pr\u00e9paration qui se poursuivra jusqu&rsquo;au 5 juin pour pr\u00e9parer les Jeux africains-2019 au Maroc, en pr\u00e9sence des cadres de la s\u00e9lection, \u00e0 l&rsquo;instar de Sid Azara, Boudjemline Adem et Tarek Aziz. Des athl\u00e8tes juniors ont \u00e9t\u00e9 \u00e9galement s\u00e9lectionn\u00e9s pour prendre part \u00e0 ce stage, notamment ceux ayant confirm\u00e9 lors desChampionnats d&rsquo;Afrique de Tunis, \u00e0 l&rsquo;image de Merabet Abdelmalek, Fadi Rouabah et Ouakali Abdelkrim.<br \/>\u00a0<\/p>\n<p>Auteur: elmoudjahid<br \/>\n<a href=\"http:\/\/www.elmoudjahid.com\/fr\/actualites\/137308\">Cliquez ici pour lire l&rsquo;article depuis sa source.<\/a><\/p>\n","protected":false},"excerpt":{"rendered":"<p>\u00a0\u00a0Douze athl\u00e8tes de la s\u00e9lection alg\u00e9rienne (juniors et seniors) effectuent depuis jeudi un stage de pr\u00e9paration dans la ville italienne Sassari (Italie), en vue des Jeux africains-2019, a-t-on appris de la F\u00e9d\u00e9ration alg\u00e9rienne des luttes associ\u00e9es (FALA). Sous la conduite du staff technique national, compos\u00e9 des entra\u00eeneurs Aoune Fay\u00e7al et Bendjedaa Ma\u00e2zouz, les Alg\u00e9riens ont [&hellip;]<\/p>\n","protected":false},"author":1744,"featured_media":0,"comment_status":"closed","ping_status":"closed","sticky":false,"template":"","format":"standard","meta":{"fifu_image_url":"","fifu_image_alt":"","footnotes":""},"categories":[73,53],"tags":[],"class_list":["post-36710","post","type-post","status-publish","format-standard","hentry","category-actualite","category-algerie"],"_links":{"self":[{"href":"https:\/\/linitiative.ca\/International\/wp-json\/wp\/v2\/posts\/36710","targetHints":{"allow":["GET"]}}],"collection":[{"href":"https:\/\/linitiative.ca\/International\/wp-json\/wp\/v2\/posts"}],"about":[{"href":"https:\/\/linitiative.ca\/International\/wp-json\/wp\/v2\/types\/post"}],"author":[{"embeddable":true,"href":"https:\/\/linitiative.ca\/International\/wp-json\/wp\/v2\/users\/1744"}],"replies":[{"embeddable":true,"href":"https:\/\/linitiative.ca\/International\/wp-json\/wp\/v2\/comments?post=36710"}],"version-history":[{"count":0,"href":"https:\/\/linitiative.ca\/International\/wp-json\/wp\/v2\/posts\/36710\/revisions"}],"wp:attachment":[{"href":"https:\/\/linitiative.ca\/International\/wp-json\/wp\/v2\/media?parent=36710"}],"wp:term":[{"taxonomy":"category","embeddable":true,"href":"https:\/\/linitiative.ca\/International\/wp-json\/wp\/v2\/categories?post=36710"},{"taxonomy":"post_tag","embeddable":true,"href":"https:\/\/linitiative.ca\/International\/wp-json\/wp\/v2\/tags?post=36710"}],"curies":[{"name":"wp","href":"https:\/\/api.w.org\/{rel}","templated":true}]}}