{"id":36714,"date":"2019-05-25T19:00:00","date_gmt":"2019-05-25T23:00:00","guid":{"rendered":"https:\/\/linitiative.ca\/International\/verts-deurope-brahimi-vers-lolympique-de-marseille\/"},"modified":"2019-05-25T19:00:00","modified_gmt":"2019-05-25T23:00:00","slug":"verts-deurope-brahimi-vers-lolympique-de-marseille","status":"publish","type":"post","link":"https:\/\/linitiative.ca\/International\/verts-deurope-brahimi-vers-lolympique-de-marseille\/","title":{"rendered":"Verts d\u2019Europe : Brahimi vers l\u2019Olympique de Marseille"},"content":{"rendered":"<p>L\u2019international alg\u00e9rien Yacine\u00a0\u00a0 Brahimi, dont le contrat avec son actuel club, le FC Porto, prend fin en juin prochain, pourrait atterrir \u00e0 nouveau dans le championnat fran\u00e7ais. Plus pr\u00e9cis\u00e9ment du c\u00f4t\u00e9 de l&rsquo;Olympique de Marseille, selon des informations rapport\u00e9es par la presse portugaise. Brahimi ne compte pas prolonger son contrat avec le club portugais avec lequel il a manqu\u00e9 de justesse de remporter le titre de champion cette saison, coiff\u00e9 au finish par le club rival, le Benfica Lisbonne.\u00a0 Tout porte \u00e0 croire que l\u2019international alg\u00e9rien serait sur le point de conclure son transfert chez le club phoc\u00e9en apr\u00e8s la finale de la Coupe du Portugal face au Sporting de Lisbonne, disput\u00e9e hier au stade national du Jamor. Il n\u2019y a pas que l\u2019Olympique de Marseille qui est sur ses traces, puisque le club turc de Fenerbah\u00e7e tient aussi absolument \u00e0 l\u2019avoir dans son effectif lors d\u00e8s la saison prochaine. Toutefois, c\u2019est la piste marseillaise qui est pour le moment la plus plausible pour Yacine Brahimi. Ce dernier serait favorable \u00e0 son \u00e9ventuel transfert \u00e0 l\u2019OM, si les n\u00e9gociations entre les deux parties aboutissent \u00e0 un terrain d\u2019entente. Cela m\u00eame si Fenerbah\u00e7e n\u2019a pas encore dit son dernier mot, surtout que les responsables du club turc font du recrutement de Yacine Brahimi l\u2019une de leurs priorit\u00e9s lors du mercato estival. Auteur de 10 buts cette saison, soit le 3e meilleur buteur de l&rsquo;\u00e9quipe cette saison, derri\u00e8re Tiquinho (15 buts) et\u00a0\u00a0 Marega (11 buts), Brahimi vient donc de jouer sa derni\u00e8re saison dans le championnat portugais. Il devrait faire partie de la liste des 23 joueurs de l&rsquo;\u00e9quipe nationale, appel\u00e9s \u00e0 disputer la Coupe d&rsquo;Afrique des nations (CAN-2019) en Egypte (21 juin-19 juillet).\u00a0 \u00a0<br \/>Mohamed-Amine Azzouz<\/p>\n<p>Auteur: elmoudjahid<br \/>\n<a href=\"http:\/\/www.elmoudjahid.com\/fr\/actualites\/137312\">Cliquez ici pour lire l&rsquo;article depuis sa source.<\/a><\/p>\n","protected":false},"excerpt":{"rendered":"<p>L\u2019international alg\u00e9rien Yacine\u00a0\u00a0 Brahimi, dont le contrat avec son actuel club, le FC Porto, prend fin en juin prochain, pourrait atterrir \u00e0 nouveau dans le championnat fran\u00e7ais. Plus pr\u00e9cis\u00e9ment du c\u00f4t\u00e9 de l&rsquo;Olympique de Marseille, selon des informations rapport\u00e9es par la presse portugaise. Brahimi ne compte pas prolonger son contrat avec le club portugais avec [&hellip;]<\/p>\n","protected":false},"author":1744,"featured_media":0,"comment_status":"closed","ping_status":"closed","sticky":false,"template":"","format":"standard","meta":{"fifu_image_url":"","fifu_image_alt":"","footnotes":""},"categories":[73,53],"tags":[],"class_list":["post-36714","post","type-post","status-publish","format-standard","hentry","category-actualite","category-algerie"],"_links":{"self":[{"href":"https:\/\/linitiative.ca\/International\/wp-json\/wp\/v2\/posts\/36714","targetHints":{"allow":["GET"]}}],"collection":[{"href":"https:\/\/linitiative.ca\/International\/wp-json\/wp\/v2\/posts"}],"about":[{"href":"https:\/\/linitiative.ca\/International\/wp-json\/wp\/v2\/types\/post"}],"author":[{"embeddable":true,"href":"https:\/\/linitiative.ca\/International\/wp-json\/wp\/v2\/users\/1744"}],"replies":[{"embeddable":true,"href":"https:\/\/linitiative.ca\/International\/wp-json\/wp\/v2\/comments?post=36714"}],"version-history":[{"count":0,"href":"https:\/\/linitiative.ca\/International\/wp-json\/wp\/v2\/posts\/36714\/revisions"}],"wp:attachment":[{"href":"https:\/\/linitiative.ca\/International\/wp-json\/wp\/v2\/media?parent=36714"}],"wp:term":[{"taxonomy":"category","embeddable":true,"href":"https:\/\/linitiative.ca\/International\/wp-json\/wp\/v2\/categories?post=36714"},{"taxonomy":"post_tag","embeddable":true,"href":"https:\/\/linitiative.ca\/International\/wp-json\/wp\/v2\/tags?post=36714"}],"curies":[{"name":"wp","href":"https:\/\/api.w.org\/{rel}","templated":true}]}}