{"id":36715,"date":"2019-05-25T19:00:00","date_gmt":"2019-05-25T23:00:00","guid":{"rendered":"https:\/\/linitiative.ca\/International\/parme-negocie-pour-adam-ounas\/"},"modified":"2019-05-25T19:00:00","modified_gmt":"2019-05-25T23:00:00","slug":"parme-negocie-pour-adam-ounas","status":"publish","type":"post","link":"https:\/\/linitiative.ca\/International\/parme-negocie-pour-adam-ounas\/","title":{"rendered":"Parme n\u00e9gocie  pour Adam Ounas"},"content":{"rendered":"<p>Tout indique qu\u2019Adam Ounas ne sera pas Napolitain la saison prochaine. L\u2019international alg\u00e9rien devrait tenter de rebondir dans un autre club, \u00e0 en croire les m\u00e9dias italiens. En effet, en d\u00e9pit de la confiance que lui a accord\u00e9e cette saison Carlo Ancelotti, l\u2019ancien Bordelais devrait quitter le Sud de l\u2019Italie en qu\u00eate d\u2019une nouvelle exp\u00e9rience. N\u00e9anmoins, le SSC Napoli ne compte pas se s\u00e9parer d\u00e9finitivement de son talent alg\u00e9rien. La Gazetta delo Sport a \u00e9voqu\u00e9 cette semaine la possibilit\u00e9 d\u2019un pr\u00eat d\u2019une saison vers un club de la Serie A. Plusieurs clubs ont manifest\u00e9 leur int\u00e9r\u00eat pour Adam Ounas, mais Parme est celui qui semble le plus insistant, comme l\u2019a confirm\u00e9 son directeur sportif Daniele Faggiono qui compte rencontrer prochainement les dirigeants napolitains pour essayer de clore la transaction. \u00ab Nous ne nous sommes pas encore rencontr\u00e9s\u00a0 pour \u00e9voquer le cas Ounas. Nous le ferons la semaine prochaine \u00bb, a-t-il pr\u00e9cis\u00e9. Ainsi, Ounas pourrait \u00eatre fix\u00e9 sur sa prochaine destination avant de rejoindre l\u2019\u00e9quipe nationale pour le stage des Verts en pr\u00e9vision de la CAN-2019.<br \/>Amar B.<\/p>\n<p>Auteur: elmoudjahid<br \/>\n<a href=\"http:\/\/www.elmoudjahid.com\/fr\/actualites\/137313\">Cliquez ici pour lire l&rsquo;article depuis sa source.<\/a><\/p>\n","protected":false},"excerpt":{"rendered":"<p>Tout indique qu\u2019Adam Ounas ne sera pas Napolitain la saison prochaine. L\u2019international alg\u00e9rien devrait tenter de rebondir dans un autre club, \u00e0 en croire les m\u00e9dias italiens. En effet, en d\u00e9pit de la confiance que lui a accord\u00e9e cette saison Carlo Ancelotti, l\u2019ancien Bordelais devrait quitter le Sud de l\u2019Italie en qu\u00eate d\u2019une nouvelle exp\u00e9rience. [&hellip;]<\/p>\n","protected":false},"author":1744,"featured_media":0,"comment_status":"closed","ping_status":"closed","sticky":false,"template":"","format":"standard","meta":{"fifu_image_url":"","fifu_image_alt":"","footnotes":""},"categories":[73,53],"tags":[],"class_list":["post-36715","post","type-post","status-publish","format-standard","hentry","category-actualite","category-algerie"],"_links":{"self":[{"href":"https:\/\/linitiative.ca\/International\/wp-json\/wp\/v2\/posts\/36715","targetHints":{"allow":["GET"]}}],"collection":[{"href":"https:\/\/linitiative.ca\/International\/wp-json\/wp\/v2\/posts"}],"about":[{"href":"https:\/\/linitiative.ca\/International\/wp-json\/wp\/v2\/types\/post"}],"author":[{"embeddable":true,"href":"https:\/\/linitiative.ca\/International\/wp-json\/wp\/v2\/users\/1744"}],"replies":[{"embeddable":true,"href":"https:\/\/linitiative.ca\/International\/wp-json\/wp\/v2\/comments?post=36715"}],"version-history":[{"count":0,"href":"https:\/\/linitiative.ca\/International\/wp-json\/wp\/v2\/posts\/36715\/revisions"}],"wp:attachment":[{"href":"https:\/\/linitiative.ca\/International\/wp-json\/wp\/v2\/media?parent=36715"}],"wp:term":[{"taxonomy":"category","embeddable":true,"href":"https:\/\/linitiative.ca\/International\/wp-json\/wp\/v2\/categories?post=36715"},{"taxonomy":"post_tag","embeddable":true,"href":"https:\/\/linitiative.ca\/International\/wp-json\/wp\/v2\/tags?post=36715"}],"curies":[{"name":"wp","href":"https:\/\/api.w.org\/{rel}","templated":true}]}}