{"id":36717,"date":"2019-05-26T12:16:00","date_gmt":"2019-05-26T16:16:00","guid":{"rendered":"https:\/\/linitiative.ca\/International\/justice-le-dossier-denquete-de-12-anciens-responsables-transmis-a-la-cour-supreme\/"},"modified":"2019-05-26T12:16:00","modified_gmt":"2019-05-26T16:16:00","slug":"justice-le-dossier-denquete-de-12-anciens-responsables-transmis-a-la-cour-supreme","status":"publish","type":"post","link":"https:\/\/linitiative.ca\/International\/justice-le-dossier-denquete-de-12-anciens-responsables-transmis-a-la-cour-supreme\/","title":{"rendered":"Justice : Le dossier d&rsquo;enqu\u00eate de 12 anciens responsables transmis \u00e0 la Cour supr\u00eame"},"content":{"rendered":"<p>Le Parquet g\u00e9n\u00e9ral pr\u00e8s la Cour d&rsquo;Alger a\u00a0 transmis, dimanche, au Procureur g\u00e9n\u00e9ral pr\u00e8s la Cour supr\u00eame le dossier\u00a0 d&rsquo;enqu\u00eate pr\u00e9liminaire instruite par la Gendarmerie nationale, \u00e0 l&rsquo;encontre\u00a0 de 12 anciens responsables, dont les deux ex-Premiers ministres, Ahmed\u00a0 Ouyahia et Abdelmalek Sellal, qui b\u00e9n\u00e9ficient de la r\u00e8gle du privil\u00e8ge de\u00a0 juridiction, indique un communiqu\u00e9 du parquet g\u00e9n\u00e9ral.\u00a0<\/p>\n<p>\u00ab\u00a0En application des dispositions de l&rsquo;article 573 du code de proc\u00e9dure\u00a0 p\u00e9nale, le parquet g\u00e9n\u00e9ral pr\u00e8s la Cour d&rsquo;Alger a transmis, ce jour le 26\u00a0 mai 2019, \u00e0 monsieur le procureur g\u00e9n\u00e9ral pr\u00e8s la Cour supr\u00eame, le dossier\u00a0 d&rsquo;enqu\u00eate pr\u00e9liminaire instruite par la police judiciaire de la gendarmerie\u00a0 nationale d&rsquo;Alger, pour des faits \u00e0 caract\u00e8re p\u00e9nal, \u00e0 l&rsquo;encontre des\u00a0 nomm\u00e9s: Zaalane Abdelghani, Tou Amar, Tala\u00ef Boudjemaa, Ghoul Amar,\u00a0 Benyounes Amara, Bouazgui Abdelkader, Djoudi Karim, Bouchouareb Abdesslam,\u00a0 Zoukh abdelkader, Khanfar Mohamed Djamel, Sellal Abdelmalek et Ouyahia \u00a0Ahmed\u00a0\u00bb, pr\u00e9cise la m\u00eame source.<\/p>\n<p>\u00ab\u00a0Les sus nomm\u00e9s en raison de leurs fonctions au moment des faits\u00a0 b\u00e9n\u00e9ficient de la r\u00e8gle du privil\u00e8ge de juridiction consacr\u00e9e par le texte\u00a0 de loi sus-cit\u00e9\u00a0\u00bb, ajoute le communiqu\u00e9.<\/p>\n<p>APS<\/p>\n<p>Auteur: elmoudjahid<br \/>\n<a href=\"http:\/\/www.elmoudjahid.com\/fr\/actualites\/137315\">Cliquez ici pour lire l&rsquo;article depuis sa source.<\/a><\/p>\n","protected":false},"excerpt":{"rendered":"<p>Le Parquet g\u00e9n\u00e9ral pr\u00e8s la Cour d&rsquo;Alger a\u00a0 transmis, dimanche, au Procureur g\u00e9n\u00e9ral pr\u00e8s la Cour supr\u00eame le dossier\u00a0 d&rsquo;enqu\u00eate pr\u00e9liminaire instruite par la Gendarmerie nationale, \u00e0 l&rsquo;encontre\u00a0 de 12 anciens responsables, dont les deux ex-Premiers ministres, Ahmed\u00a0 Ouyahia et Abdelmalek Sellal, qui b\u00e9n\u00e9ficient de la r\u00e8gle du privil\u00e8ge de\u00a0 juridiction, indique un communiqu\u00e9 du [&hellip;]<\/p>\n","protected":false},"author":1744,"featured_media":0,"comment_status":"closed","ping_status":"closed","sticky":false,"template":"","format":"standard","meta":{"fifu_image_url":"","fifu_image_alt":"","footnotes":""},"categories":[73,53],"tags":[],"class_list":["post-36717","post","type-post","status-publish","format-standard","hentry","category-actualite","category-algerie"],"_links":{"self":[{"href":"https:\/\/linitiative.ca\/International\/wp-json\/wp\/v2\/posts\/36717","targetHints":{"allow":["GET"]}}],"collection":[{"href":"https:\/\/linitiative.ca\/International\/wp-json\/wp\/v2\/posts"}],"about":[{"href":"https:\/\/linitiative.ca\/International\/wp-json\/wp\/v2\/types\/post"}],"author":[{"embeddable":true,"href":"https:\/\/linitiative.ca\/International\/wp-json\/wp\/v2\/users\/1744"}],"replies":[{"embeddable":true,"href":"https:\/\/linitiative.ca\/International\/wp-json\/wp\/v2\/comments?post=36717"}],"version-history":[{"count":0,"href":"https:\/\/linitiative.ca\/International\/wp-json\/wp\/v2\/posts\/36717\/revisions"}],"wp:attachment":[{"href":"https:\/\/linitiative.ca\/International\/wp-json\/wp\/v2\/media?parent=36717"}],"wp:term":[{"taxonomy":"category","embeddable":true,"href":"https:\/\/linitiative.ca\/International\/wp-json\/wp\/v2\/categories?post=36717"},{"taxonomy":"post_tag","embeddable":true,"href":"https:\/\/linitiative.ca\/International\/wp-json\/wp\/v2\/tags?post=36717"}],"curies":[{"name":"wp","href":"https:\/\/api.w.org\/{rel}","templated":true}]}}