{"id":36720,"date":"2019-05-26T08:23:35","date_gmt":"2019-05-26T12:23:35","guid":{"rendered":"https:\/\/linitiative.ca\/International\/89877-belmadi-passer-d-abord-le-premier-tour-de-la-can-puis-se-battre-pour-le-titre\/"},"modified":"2019-05-26T08:23:35","modified_gmt":"2019-05-26T12:23:35","slug":"89877-belmadi-passer-d-abord-le-premier-tour-de-la-can-puis-se-battre-pour-le-titre","status":"publish","type":"post","link":"https:\/\/linitiative.ca\/International\/89877-belmadi-passer-d-abord-le-premier-tour-de-la-can-puis-se-battre-pour-le-titre\/","title":{"rendered":"Belmadi : \u00ab\u00a0Passer d&rsquo;abord le premier tour de la CAN puis se battre pour le titre\u00a0\u00bb"},"content":{"rendered":"<div>\n<div class=\"K2FeedImage\"><img decoding=\"async\" src=\"http:\/\/www.aps.dz\/media\/k2\/items\/cache\/5e052413e16e6f580ae57141cfc8b420_S.jpg\" alt=\"Le s\u00e9lectionneur national, Djamel Belmadi, en conf\u00e9rence de presse au Centre technique de Sidi-Moussa, (Alger)\/ Photo prise le 09\/10\/2018\/ APS\"><\/div>\n<div class=\"K2FeedIntroText\">\n<p><strong>LE CAIRE &#8211; Le s\u00e9lectionneur de l&rsquo;\u00e9quipe nationale de football Djamel Belmadi a r\u00e9it\u00e9r\u00e9 son ambition de mener les Verts \u00e0 la victoire finale, lors de la prochaine Coupe d&rsquo;Afrique des nations CAN-2019 en Egypte (21 juin &#8211; 19 juillet).<\/strong><\/p>\n<\/div>\n<div class=\"K2FeedFullText\">\n<p>\u00ab\u00a0Notre objectif dans un premier temps c\u2019est de passer le premier tour puis se battre pour le sacre final, car nous ne serons pas en Egypte en juin prochain pour faire de la figuration. Il faudra se battre pour le titre comme toutes les grandes nations du football africain. Il faudra bien entrer dans la comp\u00e9tition, acqu\u00e9rir cette confiance n\u00e9cessaire puis aller petit \u00e0 petit le plus loin possible\u00a0\u00bb, a indiqu\u00e9 Belmadi dans un entretien diffus\u00e9 dimanche sur le site de la Conf\u00e9d\u00e9ration africaine (CAF).<\/p>\n<p>L&rsquo;Alg\u00e9rie, dont l&rsquo;unique troph\u00e9e remonte \u00e0 1990 \u00e0 domicile, \u00e9voluera dans cette CAN dans le groupe C, bas\u00e9 au Caire, en compagnie du S\u00e9n\u00e9gal, du Kenya et de la Tanzanie. Les Verts entreront en lice le 23 juin face au Kenya, avant de d\u00e9fier le S\u00e9n\u00e9gal le 27 juin puis la Tanzanie le 1e juillet.<\/p>\n<p>\u00ab\u00a0Je pense que c\u2019est un groupe \u00e9quilibr\u00e9 m\u00eame si nous allons affronter un gros morceau qu\u2019est le S\u00e9n\u00e9gal, \u00e9quipe mondialiste. Les poulains d\u2019Aliou Ciss\u00e9 sont d\u2019ailleurs l\u2019une des \u00e9quipes favorites pour le sacre final. Pour le Kenya et la Tanzanie, m\u00eame si ces deux pays n\u2019ont plus jou\u00e9 la CAN depuis plusieurs ann\u00e9es, ils restent quand m\u00eame des adversaires contre qui il faudra faire de bons matches et les remporter\u00a0\u00bb, a-t-il ajout\u00e9.<\/p>\n<hr>\n<p><em><strong>Lire aussi:\u00a0<a href=\"http:\/\/www.aps.dz\/sport\/89698-can-2019-preparation-le-burundi-et-le-mali-au-programme-des-verts\">CAN-2019 (pr\u00e9paration): le Burundi et le Mali au programme des Verts<\/a><\/strong><\/em><\/p>\n<hr>\n<p>Interrog\u00e9 sur la nouvelle formule adopt\u00e9e par la CAF en passant de 16 \u00e0 24 pays participants, l&rsquo;ancien capitaine de la s\u00e9lection a estim\u00e9 que le tournoi sera encore plus ouvert.<\/p>\n<p>\u00ab\u00a0Ce sera plus ouvert pour toutes les \u00e9quipes qualifi\u00e9es surtout que toutes les \u00e9quipes auront leur mot \u00e0 dire et nous l\u2019avons vu lors des qualifications. Rien ne sera facile dans cette comp\u00e9tition, car actuellement il n\u2019y a plus de petites \u00e9quipes. Il y a plus de chances de passer le premier tour mais la comp\u00e9tition sera plus dure d\u00e8s les huiti\u00e8mes et quarts de finale\u00a0\u00bb, a-t-il conclu.<\/p>\n<p>Belmadi devrait d\u00e9voiler dans les prochaines heures la liste des joueurs devant prendre part \u00e0 cette CAN-2019. La pr\u00e9paration d\u00e9butera le 3 juin prochain avec au menu un stage au Centre technique national de Sidi Moussa avant une derni\u00e8re \u00e9tape pr\u00e9vue \u00e0 partir du 8 juin \u00e0 Doha (Qatar) ponctu\u00e9 par deux matchs amicaux face au Burundi (11 juin) et le Mali (16 juin).<\/p>\n<\/div>\n<p><img loading=\"lazy\" decoding=\"async\" src=\"http:\/\/feeds.feedburner.com\/~r\/aps-sport\/~4\/lvX5gwr9ra8\" height=\"1\" width=\"1\" alt=\"\"><\/div>\n<p>Auteur:<br \/>\n<a href=\"http:\/\/www.aps.dz\/sport\/89877-belmadi-passer-d-abord-le-premier-tour-de-la-can-puis-se-battre-pour-le-titre?utm_source=feedburner&#038;utm_medium=feed&#038;utm_campaign=Feed%3A+aps-sport+%28APS+-+SPORT%29\">Cliquez ici pour lire l&rsquo;article depuis sa source.<\/a><\/p>\n","protected":false},"excerpt":{"rendered":"<p>LE CAIRE &#8211; Le s\u00e9lectionneur de l&rsquo;\u00e9quipe nationale de football Djamel Belmadi a r\u00e9it\u00e9r\u00e9 son ambition de mener les Verts \u00e0 la victoire finale, lors de la prochaine Coupe d&rsquo;Afrique des nations CAN-2019 en Egypte (21 juin &#8211; 19 juillet). \u00ab\u00a0Notre objectif dans un premier temps c\u2019est de passer le premier tour puis se battre [&hellip;]<\/p>\n","protected":false},"author":1790,"featured_media":36721,"comment_status":"closed","ping_status":"closed","sticky":false,"template":"","format":"standard","meta":{"fifu_image_url":"","fifu_image_alt":"","footnotes":""},"categories":[53,75],"tags":[],"class_list":["post-36720","post","type-post","status-publish","format-standard","has-post-thumbnail","hentry","category-algerie","category-sport"],"_links":{"self":[{"href":"https:\/\/linitiative.ca\/International\/wp-json\/wp\/v2\/posts\/36720","targetHints":{"allow":["GET"]}}],"collection":[{"href":"https:\/\/linitiative.ca\/International\/wp-json\/wp\/v2\/posts"}],"about":[{"href":"https:\/\/linitiative.ca\/International\/wp-json\/wp\/v2\/types\/post"}],"author":[{"embeddable":true,"href":"https:\/\/linitiative.ca\/International\/wp-json\/wp\/v2\/users\/1790"}],"replies":[{"embeddable":true,"href":"https:\/\/linitiative.ca\/International\/wp-json\/wp\/v2\/comments?post=36720"}],"version-history":[{"count":0,"href":"https:\/\/linitiative.ca\/International\/wp-json\/wp\/v2\/posts\/36720\/revisions"}],"wp:featuredmedia":[{"embeddable":true,"href":"https:\/\/linitiative.ca\/International\/wp-json\/"}],"wp:attachment":[{"href":"https:\/\/linitiative.ca\/International\/wp-json\/wp\/v2\/media?parent=36720"}],"wp:term":[{"taxonomy":"category","embeddable":true,"href":"https:\/\/linitiative.ca\/International\/wp-json\/wp\/v2\/categories?post=36720"},{"taxonomy":"post_tag","embeddable":true,"href":"https:\/\/linitiative.ca\/International\/wp-json\/wp\/v2\/tags?post=36720"}],"curies":[{"name":"wp","href":"https:\/\/api.w.org\/{rel}","templated":true}]}}