{"id":36722,"date":"2019-05-26T12:32:42","date_gmt":"2019-05-26T16:32:42","guid":{"rendered":"https:\/\/linitiative.ca\/International\/89904-karate-do-nous-comptons-sur-la-position-de-l-algerie-pour-reintegrer-la-discipline-aux-jo-2024\/"},"modified":"2019-05-26T12:32:42","modified_gmt":"2019-05-26T16:32:42","slug":"89904-karate-do-nous-comptons-sur-la-position-de-l-algerie-pour-reintegrer-la-discipline-aux-jo-2024","status":"publish","type":"post","link":"https:\/\/linitiative.ca\/International\/89904-karate-do-nous-comptons-sur-la-position-de-l-algerie-pour-reintegrer-la-discipline-aux-jo-2024\/","title":{"rendered":"Karat\u00e9-do: \u00ab\u00a0nous comptons sur la position de l&rsquo;Alg\u00e9rie pour r\u00e9int\u00e9grer la discipline aux JO-2024\u00a0\u00bb"},"content":{"rendered":"<div>\n<div class=\"K2FeedImage\"><img decoding=\"async\" src=\"http:\/\/www.aps.dz\/media\/k2\/items\/cache\/ff0b1070551bce980b2ec18dbb0f0e7c_S.jpg\" alt=\"Karat\u00e9-do: \" nous comptons sur la position de l pour r discipline aux jo-2024><\/div>\n<div class=\"K2FeedIntroText\">\n<p><strong>ALGER &#8211; Le pr\u00e9sident de la F\u00e9d\u00e9ration mondiale de karat\u00e9-do (WFK), l&rsquo;Espagnol Antonio Espinos, a indiqu\u00e9 dimanche \u00e0 Alger que les dirigeants de l&rsquo;instance internationale \u00ab\u00a0comptent \u00e9norm\u00e9ment\u00a0\u00bb sur la position de l&rsquo;Alg\u00e9rie pour r\u00e9int\u00e9grer le karat\u00e9-do au programme des Jeux olympiques 2024 de Paris.<\/strong><\/p>\n<\/div>\n<div class=\"K2FeedFullText\">\n<p>\u00ab\u00a0Je suis venu en Alg\u00e9rie pour avoir des discussions plus \u00e9troites avec le pr\u00e9sident du Comit\u00e9 olympique et sportif alg\u00e9rien, Mustapha Berraf, \u00e9galement pr\u00e9sident de l&rsquo;Association des Comit\u00e9s nationaux olympiques d&rsquo;Afrique (ACNOA) dont le soutien est tr\u00e8s important pour l&rsquo;instance mondiale afin de faire changer la position du Comit\u00e9 d&rsquo;organisation des Jeux olympiques de Paris (COJO-2024)\u00a0\u00bb, a d\u00e9clar\u00e9 Antonio Espinos dans un entretien accord\u00e9 \u00e0 l&rsquo;APS au si\u00e8ge du Comit\u00e9 olympique et sportif alg\u00e9rien (COA) \u00e0 Alger.<\/p>\n<p>Le pr\u00e9sident de la WFK, qui effectue une visite de deux jours en Alg\u00e9rie, \u00e9tait accompagn\u00e9 du pr\u00e9sident de l&rsquo;Union des f\u00e9d\u00e9rations africaines de karat\u00e9 (UFAK), l&rsquo;Alg\u00e9rien Mohamed-Tahar Mesbahi, \u00e9galement vice-pr\u00e9sident de la WFK, du patron de la F\u00e9d\u00e9ration alg\u00e9rienne de karat\u00e9-do (FAK), Slimane Mesdoui et de Mustapha Berraf.<\/p>\n<p>\u00ab\u00a0C&rsquo;est tr\u00e8s important pour moi et je peux m\u00eame dire strat\u00e9gique de se trouver en Alg\u00e9rie pour avoir l&rsquo;opportunit\u00e9 de discuter avec le pr\u00e9sident de l&rsquo;ACNOA et avoir son soutien par rapport \u00e0 l&rsquo;exclusion de notre discipline des JO-2024. Nous ne comptons pas baisser les bras pour\u00a0 changer cette d\u00e9cision\u00a0\u00bb, poursuit M. Espinos.<\/p>\n<p>Le premier responsable du karat\u00e9 mondial n&rsquo;a pas dig\u00e9r\u00e9 l&rsquo;absence de sa discipline aux JO-2024, appelant le COJO \u00e0 reconsid\u00e9rer sa position par rapport aux crit\u00e8res \u00e9tablis pour ne choisir que quatre disciplines additionnelles (escalade, surf, skateboard et breakdance).<\/p>\n<p>\u00ab\u00a0Les crit\u00e8res sont injustes. La r\u00e9ponse des organisateurs est que le karat\u00e9 ne r\u00e9pond pas \u00e0 la vision du Comit\u00e9 d&rsquo;organisation de Paris-2024. La France est le pays du karat\u00e9 par excellence, c&rsquo;est pour cela que je ne comprends pas cette d\u00e9cision. Nous allons continuer \u00e0 nous battre pour l&rsquo;int\u00e9r\u00eat de tous les pratiquants de cette discipline dans tous les continents\u00a0\u00bb, a-t-il pr\u00e9cis\u00e9.<\/p>\n<p>Concernant les efforts de la FAK, pr\u00e9sid\u00e9e par Slimane Mesdoui, l&rsquo;Espagnol s&rsquo;est dit \u00ab\u00a0content du travail accompli par l&rsquo;instance alg\u00e9rienne durant cette \u00e9tape\u00a0\u00bb.<\/p>\n<p>\u00ab\u00a0Je suis tr\u00e8s content du travail accompli par la f\u00e9d\u00e9ration durant cette \u00e9tape qui est tr\u00e8s importante. J&rsquo;attends toujours une demande de la part de la FAK pour l&rsquo;organisation d&rsquo;un Grand-Prix international \u00e0 Alger\u00a0\u00bb, a conclu le pr\u00e9sident de la WFK.<\/p>\n<\/div>\n<p><img loading=\"lazy\" decoding=\"async\" src=\"http:\/\/feeds.feedburner.com\/~r\/aps-sport\/~4\/reqvwNlhF0s\" height=\"1\" width=\"1\" alt=\"\"><\/div>\n<p>Auteur:<br \/>\n<a href=\"http:\/\/www.aps.dz\/sport\/89904-karate-do-nous-comptons-sur-la-position-de-l-algerie-pour-reintegrer-la-discipline-aux-jo-2024?utm_source=feedburner&#038;utm_medium=feed&#038;utm_campaign=Feed%3A+aps-sport+%28APS+-+SPORT%29\">Cliquez ici pour lire l&rsquo;article depuis sa source.<\/a><\/p>\n","protected":false},"excerpt":{"rendered":"<p>ALGER &#8211; Le pr\u00e9sident de la F\u00e9d\u00e9ration mondiale de karat\u00e9-do (WFK), l&rsquo;Espagnol Antonio Espinos, a indiqu\u00e9 dimanche \u00e0 Alger que les dirigeants de l&rsquo;instance internationale \u00ab\u00a0comptent \u00e9norm\u00e9ment\u00a0\u00bb sur la position de l&rsquo;Alg\u00e9rie pour r\u00e9int\u00e9grer le karat\u00e9-do au programme des Jeux olympiques 2024 de Paris. \u00ab\u00a0Je suis venu en Alg\u00e9rie pour avoir des discussions plus \u00e9troites [&hellip;]<\/p>\n","protected":false},"author":1790,"featured_media":36723,"comment_status":"closed","ping_status":"closed","sticky":false,"template":"","format":"standard","meta":{"fifu_image_url":"","fifu_image_alt":"","footnotes":""},"categories":[53,75],"tags":[],"class_list":["post-36722","post","type-post","status-publish","format-standard","has-post-thumbnail","hentry","category-algerie","category-sport"],"_links":{"self":[{"href":"https:\/\/linitiative.ca\/International\/wp-json\/wp\/v2\/posts\/36722","targetHints":{"allow":["GET"]}}],"collection":[{"href":"https:\/\/linitiative.ca\/International\/wp-json\/wp\/v2\/posts"}],"about":[{"href":"https:\/\/linitiative.ca\/International\/wp-json\/wp\/v2\/types\/post"}],"author":[{"embeddable":true,"href":"https:\/\/linitiative.ca\/International\/wp-json\/wp\/v2\/users\/1790"}],"replies":[{"embeddable":true,"href":"https:\/\/linitiative.ca\/International\/wp-json\/wp\/v2\/comments?post=36722"}],"version-history":[{"count":0,"href":"https:\/\/linitiative.ca\/International\/wp-json\/wp\/v2\/posts\/36722\/revisions"}],"wp:featuredmedia":[{"embeddable":true,"href":"https:\/\/linitiative.ca\/International\/wp-json\/"}],"wp:attachment":[{"href":"https:\/\/linitiative.ca\/International\/wp-json\/wp\/v2\/media?parent=36722"}],"wp:term":[{"taxonomy":"category","embeddable":true,"href":"https:\/\/linitiative.ca\/International\/wp-json\/wp\/v2\/categories?post=36722"},{"taxonomy":"post_tag","embeddable":true,"href":"https:\/\/linitiative.ca\/International\/wp-json\/wp\/v2\/tags?post=36722"}],"curies":[{"name":"wp","href":"https:\/\/api.w.org\/{rel}","templated":true}]}}