{"id":36724,"date":"2019-05-26T12:58:00","date_gmt":"2019-05-26T16:58:00","guid":{"rendered":"https:\/\/linitiative.ca\/International\/oran-trois-policiers-licencies-pour-vol-de-cigarettes-saisies\/"},"modified":"2019-05-26T12:58:00","modified_gmt":"2019-05-26T16:58:00","slug":"oran-trois-policiers-licencies-pour-vol-de-cigarettes-saisies","status":"publish","type":"post","link":"https:\/\/linitiative.ca\/International\/oran-trois-policiers-licencies-pour-vol-de-cigarettes-saisies\/","title":{"rendered":"ORAN : Trois policiers licenci\u00e9s pour  vol de cigarettes saisies"},"content":{"rendered":"<p><br id=\"sep_para_1\" class=\"sep_para access\"\/><\/p>\n<div id=\"para_1\" class=\"para_31274777 resize\">\n<div class=\"photo shadow left\"><a href=\"javascript:void(0)\" rel=\"https:\/\/www.reflexiondz.net\/photo\/art\/grande\/34133571-31274777.jpg?v=1558893303&#038;ibox\" title=\"ORAN : Trois policiers licenci\u00e9s pour vol de cigarettes saisies\"><img decoding=\"async\" class=\"responsive c9\" src=\"https:\/\/www.reflexiondz.net\/photo\/art\/grande\/34133571-31274777.jpg?v=1558893303\" alt=\"ORAN : Trois policiers licenci\u00e9s pour vol de cigarettes saisies\" title=\"ORAN : Trois policiers licenci\u00e9s pour vol de cigarettes saisies\"\/><img decoding=\"async\" class=\"not-responsive\" src=\"https:\/\/www.reflexiondz.net\/photo\/art\/default\/34133571-31274777.jpg?v=1558893305\" alt=\"ORAN : Trois policiers licenci\u00e9s pour vol de cigarettes saisies\" title=\"ORAN : Trois policiers licenci\u00e9s pour vol de cigarettes saisies\"\/><\/a><\/div>\n<div class=\"texte access firstletter\">Trois\u00a0 fonctionnaires du commissariat central de\u00a0 la\u00a0 s\u00fbret\u00e9 de wilaya d\u2019Oran ont \u00e9t\u00e9 confondus puis r\u00e9voqu\u00e9s par la commission de discipline. L\u2019affaire est loin d\u2019\u00eatre termin\u00e9e. C\u2019est l\u2019embarras chez les autorit\u00e9s judiciaires. Le parapluie est sorti. Au commissariat, le silence est de mise, aucun commentaire. L\u2019affaire, qui a secou\u00e9\u00a0 la s\u00fbret\u00e9 de wilaya d\u2019Oran, voici quelques jours, personne ne souhaite s\u2019en vanter et s\u2019\u00e9pancher sur le comportement de\u00a0 trois\u00a0 hommes, d\u00e9positaires de l\u2019autorit\u00e9 publique. Voici comment trois fonctionnaires de police sont tomb\u00e9s dans les filets de leurs coll\u00e8gues. Tout d\u00e9bute lorsque les\u00a0 trois\u00a0 policiers se sont servis des cigarettes saisies lors des contr\u00f4les effectu\u00e9s par les \u00e9l\u00e9ments de la brigade de la police judiciaire PJ, ils ont vol\u00e9s des cartouches de cigarettes provenant des saisies,\u00a0 bien qu&rsquo;ils soient charg\u00e9s de les prot\u00e9ger. Mais, cette fois-ci ils ont \u00e9t\u00e9 surpris en flagrant d\u00e9lit. Selon nos sources, le chef de la P.J,\u00a0 fra\u00eechement\u00a0 install\u00e9\u00a0 il y a peu de temps, a d\u00e9busqu\u00e9 les policiers voleurs, qui pensaient que tout le monde \u00e9tait parti, ont oubli\u00e9 peut \u00eatre que les locaux du commissariat sont sous l\u2019\u0153il de cam\u00e9ras de vid\u00e9osurveillance. Le chef de la P.J qui avait sous les yeux la sc\u00e8ne du vol a laiss\u00e9 les policiers terminer leur sale besogne, il a ordonn\u00e9 leur arrestation lorsqu\u2019ils ont franchi la porte de la s\u00fbret\u00e9 de wilaya. Difficile ensuite de nier l\u2019\u00e9vidence. On notera l\u2019arrestation d\u2019un 4\u00e8me policier pour complicit\u00e9. Les trois policiers ont \u00e9t\u00e9 traduits devant la\u00a0 commission disciplinaire, et ont\u00a0 \u00e9t\u00e9 r\u00e9voqu\u00e9 de leur poste de travail.\u00a0\u00a0\u00a0\u00a0\u00a0\u00a0\u00a0\u00a0\u00a0\u00a0\u00a0<\/div>\n<\/div>\n<p>Auteur: Medjadji H.<br \/>\n<a href=\"https:\/\/www.reflexiondz.net\/ORAN-Trois-policiers-licencies-pour-vol-de-cigarettes-saisies_a55994.html\">Cliquez ici pour lire l&rsquo;article depuis sa source.<\/a><\/p>\n","protected":false},"excerpt":{"rendered":"<p>Trois\u00a0 fonctionnaires du commissariat central de\u00a0 la\u00a0 s\u00fbret\u00e9 de wilaya d\u2019Oran ont \u00e9t\u00e9 confondus puis r\u00e9voqu\u00e9s par la commission de discipline. L\u2019affaire est loin d\u2019\u00eatre termin\u00e9e. C\u2019est l\u2019embarras chez les autorit\u00e9s judiciaires. Le parapluie est sorti. Au commissariat, le silence est de mise, aucun commentaire. L\u2019affaire, qui a secou\u00e9\u00a0 la s\u00fbret\u00e9 de wilaya d\u2019Oran, voici [&hellip;]<\/p>\n","protected":false},"author":1740,"featured_media":0,"comment_status":"closed","ping_status":"closed","sticky":false,"template":"","format":"standard","meta":{"fifu_image_url":"","fifu_image_alt":"","footnotes":""},"categories":[53,76],"tags":[],"class_list":["post-36724","post","type-post","status-publish","format-standard","hentry","category-algerie","category-regions"],"_links":{"self":[{"href":"https:\/\/linitiative.ca\/International\/wp-json\/wp\/v2\/posts\/36724","targetHints":{"allow":["GET"]}}],"collection":[{"href":"https:\/\/linitiative.ca\/International\/wp-json\/wp\/v2\/posts"}],"about":[{"href":"https:\/\/linitiative.ca\/International\/wp-json\/wp\/v2\/types\/post"}],"author":[{"embeddable":true,"href":"https:\/\/linitiative.ca\/International\/wp-json\/wp\/v2\/users\/1740"}],"replies":[{"embeddable":true,"href":"https:\/\/linitiative.ca\/International\/wp-json\/wp\/v2\/comments?post=36724"}],"version-history":[{"count":0,"href":"https:\/\/linitiative.ca\/International\/wp-json\/wp\/v2\/posts\/36724\/revisions"}],"wp:attachment":[{"href":"https:\/\/linitiative.ca\/International\/wp-json\/wp\/v2\/media?parent=36724"}],"wp:term":[{"taxonomy":"category","embeddable":true,"href":"https:\/\/linitiative.ca\/International\/wp-json\/wp\/v2\/categories?post=36724"},{"taxonomy":"post_tag","embeddable":true,"href":"https:\/\/linitiative.ca\/International\/wp-json\/wp\/v2\/tags?post=36724"}],"curies":[{"name":"wp","href":"https:\/\/api.w.org\/{rel}","templated":true}]}}