{"id":36725,"date":"2019-05-26T12:58:00","date_gmt":"2019-05-26T16:58:00","guid":{"rendered":"https:\/\/linitiative.ca\/International\/ain-aden-sidi-bel-abbes-des-citoyens-emmurent-le-siege-de-la-mairie\/"},"modified":"2019-05-26T12:58:00","modified_gmt":"2019-05-26T16:58:00","slug":"ain-aden-sidi-bel-abbes-des-citoyens-emmurent-le-siege-de-la-mairie","status":"publish","type":"post","link":"https:\/\/linitiative.ca\/International\/ain-aden-sidi-bel-abbes-des-citoyens-emmurent-le-siege-de-la-mairie\/","title":{"rendered":"A\u00cfN ADEN \u2013 SIDI BEL ABBES : Des citoyens emmurent  le si\u00e8ge de la mairie"},"content":{"rendered":"<p><br id=\"sep_para_1\" class=\"sep_para access\"\/><\/p>\n<div id=\"para_1\" class=\"para_31274775 resize\">\n<div class=\"photo shadow left\"><a href=\"javascript:void(0)\" rel=\"https:\/\/www.reflexiondz.net\/photo\/art\/grande\/34133569-31274775.jpg?v=1558893247&#038;ibox\" title=\"A\u00cfN ADEN \u2013 SIDI BEL ABBES : Des citoyens emmurent le si\u00e8ge de la mairie\"><img decoding=\"async\" class=\"responsive c9\" src=\"https:\/\/www.reflexiondz.net\/photo\/art\/grande\/34133569-31274775.jpg?v=1558893247\" alt=\"A\u00cfN ADEN \u2013 SIDI BEL ABBES : Des citoyens emmurent le si\u00e8ge de la mairie\" title=\"A\u00cfN ADEN \u2013 SIDI BEL ABBES : Des citoyens emmurent le si\u00e8ge de la mairie\"\/><img decoding=\"async\" class=\"not-responsive\" src=\"https:\/\/www.reflexiondz.net\/photo\/art\/default\/34133569-31274775.jpg?v=1558893248\" alt=\"A\u00cfN ADEN \u2013 SIDI BEL ABBES : Des citoyens emmurent le si\u00e8ge de la mairie\" title=\"A\u00cfN ADEN \u2013 SIDI BEL ABBES : Des citoyens emmurent le si\u00e8ge de la mairie\"\/><\/a><\/div>\n<div class=\"texte access firstletter\">Des dizaines de citoyens, en majorit\u00e9 des jeunes en col\u00e8re ,de A\u00efn Aden, chef-lieu de commune, relevant de la Da\u00efra de Sfisef, sont sortis juste apr\u00e8s la pri\u00e8re des \u00a0\u00bbTaraouih, dans la nuit de samedi \u00e0\u00a0 dimanche \u00a0\u00bb, vers le si\u00e8ge de la mairie, munis d&rsquo;outils de ma\u00e7onnerie et de mat\u00e9riaux de construction, apprend -on d&rsquo;une source autoris\u00e9e.\u00a0 Arriv\u00e9s sur les lieux, les jeunes m\u00e9contents n&rsquo;ont pas tard\u00e9 \u00e0 emmurer la porte d&rsquo;acc\u00e8s de la mairie, \u00e0 l\u2019aide de briques et de ciment, selon la m\u00eame source. Les protestataires ont justifi\u00e9 cette action in\u00e9dite, afin d&rsquo;attirer l&rsquo;attention des \u00e9lus et responsables locaux, sur leurs conditions de vie d\u00e9plorables et les maux sociaux auxquels ils seraient confront\u00e9s quotidiennement, tels le ch\u00f4mage end\u00e9mique, le manque de moyens et d&rsquo;infrastructures de distraction, les affres de l&rsquo;oisivet\u00e9 et du d\u00e9s\u0153uvrement &#8230;\u00bbmais surtout, lan\u00e7aient-ils, la mauvaise gestion des \u00e9lus municipaux.\u00a0\u00a0\u00a0\u00a0<\/div>\n<\/div>\n<p>Auteur: M.N<br \/>\n<a href=\"https:\/\/www.reflexiondz.net\/AIN-ADEN-SIDI-BEL-ABBES-Des-citoyens-emmurent-le-siege-de-la-mairie_a55993.html\">Cliquez ici pour lire l&rsquo;article depuis sa source.<\/a><\/p>\n","protected":false},"excerpt":{"rendered":"<p>Des dizaines de citoyens, en majorit\u00e9 des jeunes en col\u00e8re ,de A\u00efn Aden, chef-lieu de commune, relevant de la Da\u00efra de Sfisef, sont sortis juste apr\u00e8s la pri\u00e8re des \u00a0\u00bbTaraouih, dans la nuit de samedi \u00e0\u00a0 dimanche \u00a0\u00bb, vers le si\u00e8ge de la mairie, munis d&rsquo;outils de ma\u00e7onnerie et de mat\u00e9riaux de construction, apprend -on [&hellip;]<\/p>\n","protected":false},"author":1740,"featured_media":0,"comment_status":"closed","ping_status":"closed","sticky":false,"template":"","format":"standard","meta":{"fifu_image_url":"","fifu_image_alt":"","footnotes":""},"categories":[53,76],"tags":[],"class_list":["post-36725","post","type-post","status-publish","format-standard","hentry","category-algerie","category-regions"],"_links":{"self":[{"href":"https:\/\/linitiative.ca\/International\/wp-json\/wp\/v2\/posts\/36725","targetHints":{"allow":["GET"]}}],"collection":[{"href":"https:\/\/linitiative.ca\/International\/wp-json\/wp\/v2\/posts"}],"about":[{"href":"https:\/\/linitiative.ca\/International\/wp-json\/wp\/v2\/types\/post"}],"author":[{"embeddable":true,"href":"https:\/\/linitiative.ca\/International\/wp-json\/wp\/v2\/users\/1740"}],"replies":[{"embeddable":true,"href":"https:\/\/linitiative.ca\/International\/wp-json\/wp\/v2\/comments?post=36725"}],"version-history":[{"count":0,"href":"https:\/\/linitiative.ca\/International\/wp-json\/wp\/v2\/posts\/36725\/revisions"}],"wp:attachment":[{"href":"https:\/\/linitiative.ca\/International\/wp-json\/wp\/v2\/media?parent=36725"}],"wp:term":[{"taxonomy":"category","embeddable":true,"href":"https:\/\/linitiative.ca\/International\/wp-json\/wp\/v2\/categories?post=36725"},{"taxonomy":"post_tag","embeddable":true,"href":"https:\/\/linitiative.ca\/International\/wp-json\/wp\/v2\/tags?post=36725"}],"curies":[{"name":"wp","href":"https:\/\/api.w.org\/{rel}","templated":true}]}}