{"id":36726,"date":"2019-05-26T12:58:00","date_gmt":"2019-05-26T16:58:00","guid":{"rendered":"https:\/\/linitiative.ca\/International\/oran-590-surveillants-de-baignade-pour-les-34-plages-autorisees\/"},"modified":"2019-05-26T12:58:00","modified_gmt":"2019-05-26T16:58:00","slug":"oran-590-surveillants-de-baignade-pour-les-34-plages-autorisees","status":"publish","type":"post","link":"https:\/\/linitiative.ca\/International\/oran-590-surveillants-de-baignade-pour-les-34-plages-autorisees\/","title":{"rendered":"ORAN : 590  surveillants de baignade pour les 34 plages autoris\u00e9es"},"content":{"rendered":"<p><br id=\"sep_para_1\" class=\"sep_para access\"\/><\/p>\n<div id=\"para_1\" class=\"para_31274769 resize\">\n<div class=\"texte access firstletter\">En effet, il s&rsquo;agit d&rsquo;agents professionnels en l&rsquo;occurrence des\u00a0 officiers, des chefs de postes, des m\u00e9decins, des plongeurs, ainsi que des agents saisonniers. Dans ce cadre, la Protection civile d&rsquo;Oran va mobiliser\u00a0 590 agents, entre professionnels et saisonniers, pour la saison estivale \u00e0 travers les diff\u00e9rentes communes c\u00f4ti\u00e8res, a-t-on appris de la cellule de communication de ce corps. Ainsi, pr\u00e8s de 80 professionnels (des officiers, des m\u00e9decins, des plongeurs professionnels, des ma\u00eetres nageurs professionnels) et 510 autres agents seront mobilis\u00e9s du 1er juin au 30 septembre, pour encadrer et couvrir 33 plages autoris\u00e9es \u00e0 la baignade de la wilaya d&rsquo;Oran. Les services de la Protection civile de la wilaya d&rsquo;Oran ont mobilis\u00e9 diff\u00e9rentes unit\u00e9s c\u00f4ti\u00e8res, postes de secours \u00e0 travers des axes routiers de la wilaya, dans le cadre de la m\u00eame op\u00e9ration. Le dispositif est r\u00e9parti \u00e0 travers les diff\u00e9rentes plages de la wilaya, dans notamment, les communes de Mers El Hadjadj, Arzew, Gdyel, Bir El-Djir, Ain ElTurck, El Ancor et Boutl\u00e9lis. Notons, aussi, que dans le cadre des dispositions prises par la wilaya d&rsquo;Oran, pour am\u00e9liorer le s\u00e9jour des milliers d&rsquo;estivants, durant la saison estivale, la wilaya vient de d\u00e9bloquer une enveloppe financi\u00e8re de plus de 1 milliard de centimes, pour la r\u00e9alisation de nouveaux postes de secours de la Protection civile sur les plages du littoral oranais. Ces nouveaux postes seront implant\u00e9s, entre autres, dans les plages de Claire Fontaine, Cap Falcon, Bousfer-Plage, Paradis-Plage. Ces structures, qui seront \u00e9quip\u00e9es en mat\u00e9riel ad\u00e9quat, ont \u00e9t\u00e9 retenues sur la base des dol\u00e9ances faites par les services de la Protection civile, soucieux de la s\u00e9curit\u00e9 des estivants, dans les communes et localit\u00e9s concern\u00e9es. Pour rappel, pr\u00e8s de 19 millions d&rsquo;estivants ont \u00e9t\u00e9 enregistr\u00e9s, par la Protection civile durant la saison estivale 2018 ; \u00e0 Oran. Les m\u00eames services ont signal\u00e9 quelque 7.191 interventions effectu\u00e9es dont 3.292 personnes ont \u00e9t\u00e9 sauv\u00e9es d&rsquo;une mort certaine, pr\u00e8s de 4.000 victimes ont subi les premiers secours et les premiers soins sur place, 352 ont \u00e9t\u00e9 \u00e9vacu\u00e9s vers les \u00e9tablissements hospitaliers. Les services de la Protection civile d\u00e9plorent 7 morts par noyade dont 2 enfants \u00e2g\u00e9s de 9 et 10 ans et 4 hommes \u00e2g\u00e9s entre 19 et 32 ans. Le bilan indique que 4 personnes se sont noy\u00e9es dans des plages interdites \u00e0 la baignade et 2 autres se sont aventur\u00e9es alors que la baignade \u00e9tait interdite \u00e0 cause des mauvaises conditions climatiques.<\/div>\n<\/div>\n<p>Auteur: Medjadji Habib<br \/>\n<a href=\"https:\/\/www.reflexiondz.net\/ORAN-590-surveillants-de-baignade-pour-les-34-plages-autorisees_a55992.html\">Cliquez ici pour lire l&rsquo;article depuis sa source.<\/a><\/p>\n","protected":false},"excerpt":{"rendered":"<p>En effet, il s&rsquo;agit d&rsquo;agents professionnels en l&rsquo;occurrence des\u00a0 officiers, des chefs de postes, des m\u00e9decins, des plongeurs, ainsi que des agents saisonniers. Dans ce cadre, la Protection civile d&rsquo;Oran va mobiliser\u00a0 590 agents, entre professionnels et saisonniers, pour la saison estivale \u00e0 travers les diff\u00e9rentes communes c\u00f4ti\u00e8res, a-t-on appris de la cellule de communication [&hellip;]<\/p>\n","protected":false},"author":1740,"featured_media":0,"comment_status":"closed","ping_status":"closed","sticky":false,"template":"","format":"standard","meta":{"fifu_image_url":"","fifu_image_alt":"","footnotes":""},"categories":[53,76],"tags":[],"class_list":["post-36726","post","type-post","status-publish","format-standard","hentry","category-algerie","category-regions"],"_links":{"self":[{"href":"https:\/\/linitiative.ca\/International\/wp-json\/wp\/v2\/posts\/36726","targetHints":{"allow":["GET"]}}],"collection":[{"href":"https:\/\/linitiative.ca\/International\/wp-json\/wp\/v2\/posts"}],"about":[{"href":"https:\/\/linitiative.ca\/International\/wp-json\/wp\/v2\/types\/post"}],"author":[{"embeddable":true,"href":"https:\/\/linitiative.ca\/International\/wp-json\/wp\/v2\/users\/1740"}],"replies":[{"embeddable":true,"href":"https:\/\/linitiative.ca\/International\/wp-json\/wp\/v2\/comments?post=36726"}],"version-history":[{"count":0,"href":"https:\/\/linitiative.ca\/International\/wp-json\/wp\/v2\/posts\/36726\/revisions"}],"wp:attachment":[{"href":"https:\/\/linitiative.ca\/International\/wp-json\/wp\/v2\/media?parent=36726"}],"wp:term":[{"taxonomy":"category","embeddable":true,"href":"https:\/\/linitiative.ca\/International\/wp-json\/wp\/v2\/categories?post=36726"},{"taxonomy":"post_tag","embeddable":true,"href":"https:\/\/linitiative.ca\/International\/wp-json\/wp\/v2\/tags?post=36726"}],"curies":[{"name":"wp","href":"https:\/\/api.w.org\/{rel}","templated":true}]}}