{"id":36727,"date":"2019-05-26T12:58:00","date_gmt":"2019-05-26T16:58:00","guid":{"rendered":"https:\/\/linitiative.ca\/International\/parquet-general-pres-la-cour-dalger-les-dossiers-de-12-personnalites-remis-a-la-cour-supreme\/"},"modified":"2019-05-26T12:58:00","modified_gmt":"2019-05-26T16:58:00","slug":"parquet-general-pres-la-cour-dalger-les-dossiers-de-12-personnalites-remis-a-la-cour-supreme","status":"publish","type":"post","link":"https:\/\/linitiative.ca\/International\/parquet-general-pres-la-cour-dalger-les-dossiers-de-12-personnalites-remis-a-la-cour-supreme\/","title":{"rendered":"PARQUET GENERAL PRES LA COUR D\u2019ALGER : Les dossiers de 12 personnalit\u00e9s remis \u00e0 la Cour Supr\u00eame"},"content":{"rendered":"<p><br id=\"sep_para_1\" class=\"sep_para access\"\/><\/p>\n<div id=\"para_1\" class=\"para_31274829 resize\">\n<div class=\"photo shadow left\"><a href=\"javascript:void(0)\" rel=\"https:\/\/www.reflexiondz.net\/photo\/art\/grande\/34133937-31274829.jpg?v=1558893240&#038;ibox\" title=\"PARQUET GENERAL PRES LA COUR D\u2019ALGER : Les dossiers de 12 personnalit\u00e9s remis \u00e0 la Cour Supr\u00eame\"><img decoding=\"async\" class=\"responsive c9\" src=\"https:\/\/www.reflexiondz.net\/photo\/art\/grande\/34133937-31274829.jpg?v=1558893240\" alt=\"PARQUET GENERAL PRES LA COUR D\u2019ALGER : Les dossiers de 12 personnalit\u00e9s remis \u00e0 la Cour Supr\u00eame\" title=\"PARQUET GENERAL PRES LA COUR D\u2019ALGER : Les dossiers de 12 personnalit\u00e9s remis \u00e0 la Cour Supr\u00eame\"\/><img decoding=\"async\" class=\"not-responsive\" src=\"https:\/\/www.reflexiondz.net\/photo\/art\/default\/34133937-31274829.jpg?v=1558893242\" alt=\"PARQUET GENERAL PRES LA COUR D\u2019ALGER : Les dossiers de 12 personnalit\u00e9s remis \u00e0 la Cour Supr\u00eame\" title=\"PARQUET GENERAL PRES LA COUR D\u2019ALGER : Les dossiers de 12 personnalit\u00e9s remis \u00e0 la Cour Supr\u00eame\"\/><\/a><\/div>\n<div class=\"texte access firstletter\">Les personnalit\u00e9s concern\u00e9es sont les deux anciens Premiers ministres, Ahmed Ouyahia et Abdelmalek Sellal, ainsi que\u00a0\u00a0 les ex-ministres Abdelghani Zaalane, Amar Tou, Boudjemaa Talai, Karim Djoudi, Amara Beyounes, Abdelkader Bouazghi, Amar Ghoul, Abdeslam Bouchouareb et les walis Abdelkader Zoukh et Mohamed Djamel Khenfar. Les douze sont poursuivis dans le \u00ab cadre d\u2019enqu\u00eates pr\u00e9liminaires effectu\u00e9es par la gendarmerie concernant des faits \u00e0 caract\u00e8re p\u00e9nal \u00bb, pr\u00e9cise un communiqu\u00e9 sign\u00e9 par Belkacem Zeghmati, nouveau procureur de la Cour d\u2019Alger. La Cour supr\u00eame aurait d\u00e9j\u00e0 d\u00e9sign\u00e9 un magistrat pour instruire ces affaires qui sont li\u00e9es \u00e0 leur gestion en tant que hauts responsables. Le transfert de ces dossiers \u00e0 la Cour supr\u00eame est d\u00fb justement au fait qu\u2019ils b\u00e9n\u00e9ficient, de par leurs fonctions ant\u00e9rieures, du privil\u00e8ge de juridiction. Ces anciens hauts responsables ont d\u00e9j\u00e0 \u00e9t\u00e9 entendus par le tribunal de Sidi M\u2019hamed il y a dix jours sur des faits directement li\u00e9s aux enqu\u00eates engag\u00e9es sur les activit\u00e9s et les privil\u00e8ges dont a b\u00e9n\u00e9fici\u00e9 l\u2019homme d\u2019affaires Ali Haddad en mati\u00e8re de march\u00e9s publics et de facilitations de cr\u00e9dits bancaires.<\/div>\n<\/div>\n<p>Auteur: Ismain<br \/>\n<a href=\"https:\/\/www.reflexiondz.net\/PARQUET-GENERAL-PRES-LA-COUR-D-ALGER-Les-dossiers-de-12-personnalites-remis-a-la-Cour-Supreme_a56001.html\">Cliquez ici pour lire l&rsquo;article depuis sa source.<\/a><\/p>\n","protected":false},"excerpt":{"rendered":"<p>Les personnalit\u00e9s concern\u00e9es sont les deux anciens Premiers ministres, Ahmed Ouyahia et Abdelmalek Sellal, ainsi que\u00a0\u00a0 les ex-ministres Abdelghani Zaalane, Amar Tou, Boudjemaa Talai, Karim Djoudi, Amara Beyounes, Abdelkader Bouazghi, Amar Ghoul, Abdeslam Bouchouareb et les walis Abdelkader Zoukh et Mohamed Djamel Khenfar. Les douze sont poursuivis dans le \u00ab cadre d\u2019enqu\u00eates pr\u00e9liminaires effectu\u00e9es par [&hellip;]<\/p>\n","protected":false},"author":1740,"featured_media":0,"comment_status":"closed","ping_status":"closed","sticky":false,"template":"","format":"standard","meta":{"fifu_image_url":"","fifu_image_alt":"","footnotes":""},"categories":[53,76],"tags":[],"class_list":["post-36727","post","type-post","status-publish","format-standard","hentry","category-algerie","category-regions"],"_links":{"self":[{"href":"https:\/\/linitiative.ca\/International\/wp-json\/wp\/v2\/posts\/36727","targetHints":{"allow":["GET"]}}],"collection":[{"href":"https:\/\/linitiative.ca\/International\/wp-json\/wp\/v2\/posts"}],"about":[{"href":"https:\/\/linitiative.ca\/International\/wp-json\/wp\/v2\/types\/post"}],"author":[{"embeddable":true,"href":"https:\/\/linitiative.ca\/International\/wp-json\/wp\/v2\/users\/1740"}],"replies":[{"embeddable":true,"href":"https:\/\/linitiative.ca\/International\/wp-json\/wp\/v2\/comments?post=36727"}],"version-history":[{"count":0,"href":"https:\/\/linitiative.ca\/International\/wp-json\/wp\/v2\/posts\/36727\/revisions"}],"wp:attachment":[{"href":"https:\/\/linitiative.ca\/International\/wp-json\/wp\/v2\/media?parent=36727"}],"wp:term":[{"taxonomy":"category","embeddable":true,"href":"https:\/\/linitiative.ca\/International\/wp-json\/wp\/v2\/categories?post=36727"},{"taxonomy":"post_tag","embeddable":true,"href":"https:\/\/linitiative.ca\/International\/wp-json\/wp\/v2\/tags?post=36727"}],"curies":[{"name":"wp","href":"https:\/\/api.w.org\/{rel}","templated":true}]}}