{"id":36728,"date":"2019-05-26T12:58:00","date_gmt":"2019-05-26T16:58:00","guid":{"rendered":"https:\/\/linitiative.ca\/International\/aadl-1-plus-de-4-750-logements-attribues-au-niveau-national\/"},"modified":"2019-05-26T12:58:00","modified_gmt":"2019-05-26T16:58:00","slug":"aadl-1-plus-de-4-750-logements-attribues-au-niveau-national","status":"publish","type":"post","link":"https:\/\/linitiative.ca\/International\/aadl-1-plus-de-4-750-logements-attribues-au-niveau-national\/","title":{"rendered":"AADL 1 : Plus de 4 750 logements attribu\u00e9s au niveau national"},"content":{"rendered":"<p><br id=\"sep_para_1\" class=\"sep_para access\"\/><\/p>\n<div id=\"para_1\" class=\"para_31274831 resize\">\n<div class=\"texte access firstletter\">Le ministre de l\u2019Habitat, de l\u2019Urbanisme et de la Ville, Kamel Beldjoud a donn\u00e9, ce samedi \u00e0 Alger, le coup d\u2019envoi d\u2019une op\u00e9ration de remise des cl\u00e9s \u00e0 4.759 souscripteurs au programme \u00ab AADL \u00bb r\u00e9partis \u00e0 travers plusieurs wilayas du pays. La c\u00e9r\u00e9monie a vu la distribution d\u2019un premier quota de 200 unit\u00e9s sur un total de 2.466 logements \u00e0 Alger de type location-vente destin\u00e9s aux souscripteurs \u00ab AADL1 \u00bb affect\u00e9s \u00e0 la nouvelle ville Sidi Abdellah et la nouvelle ville de Bouinen, le restant des logements devant \u00eatre distribu\u00e9s au cours de cette semaine. Cette op\u00e9ration concerne les souscripteurs \u00ab AADL 1 \u00bb \u00e0 Alger et touchera, le 27e jour du mois sacr\u00e9, les souscripteurs AADL 2 dans les wilayas de Skikda (1.150 unit\u00e9s), Annaba (718 unit\u00e9s), Adrar (320 unit\u00e9s) et Chlef (105 unit\u00e9s), a fait savoir le ministre en marge de la c\u00e9r\u00e9monie de remise des cl\u00e9s, en pr\u00e9sence du wali d\u2019Alger, Abdelkhalek Sayouda et les autorit\u00e9s locales. L\u2019op\u00e9ration de distribution se poursuivra au cours des trois mois prochains jusqu\u2019\u00e0 septembre prochain, date de cl\u00f4ture du dossier \u00ab AADL 1 \u00bb au niveau national, a ajout\u00e9 M. Beldjoud. Il a indiqu\u00e9, par ailleurs, que 10.000 souscripteurs au programme AADL-2 \u00e0 Alger, pourront retirer, \u00e0 partir de cette semaine, les d\u00e9cisions d\u2019affectation d\u00e9finitives de leurs logements via le site internet de l\u2019AADL, des logements, a-t-il expliqu\u00e9, r\u00e9partis \u00e0 travers les sites de Ain El Melha, Ouled Fayet, Ain Benian, Sidi Abdellah, Bordj El Bahri, Chaiba et Bouinane.\u00a0\u00a0\u00a0\u00a0\u00a0\u00a0\u00a0\u00a0\u00a0\u00a0<\/div>\n<\/div>\n<p>Auteur: Nadine<br \/>\n<a href=\"https:\/\/www.reflexiondz.net\/AADL-1-Plus-de-4-750-logements-attribues-au-niveau-national_a56002.html\">Cliquez ici pour lire l&rsquo;article depuis sa source.<\/a><\/p>\n","protected":false},"excerpt":{"rendered":"<p>Le ministre de l\u2019Habitat, de l\u2019Urbanisme et de la Ville, Kamel Beldjoud a donn\u00e9, ce samedi \u00e0 Alger, le coup d\u2019envoi d\u2019une op\u00e9ration de remise des cl\u00e9s \u00e0 4.759 souscripteurs au programme \u00ab AADL \u00bb r\u00e9partis \u00e0 travers plusieurs wilayas du pays. La c\u00e9r\u00e9monie a vu la distribution d\u2019un premier quota de 200 unit\u00e9s sur [&hellip;]<\/p>\n","protected":false},"author":1740,"featured_media":0,"comment_status":"closed","ping_status":"closed","sticky":false,"template":"","format":"standard","meta":{"fifu_image_url":"","fifu_image_alt":"","footnotes":""},"categories":[53,76],"tags":[],"class_list":["post-36728","post","type-post","status-publish","format-standard","hentry","category-algerie","category-regions"],"_links":{"self":[{"href":"https:\/\/linitiative.ca\/International\/wp-json\/wp\/v2\/posts\/36728","targetHints":{"allow":["GET"]}}],"collection":[{"href":"https:\/\/linitiative.ca\/International\/wp-json\/wp\/v2\/posts"}],"about":[{"href":"https:\/\/linitiative.ca\/International\/wp-json\/wp\/v2\/types\/post"}],"author":[{"embeddable":true,"href":"https:\/\/linitiative.ca\/International\/wp-json\/wp\/v2\/users\/1740"}],"replies":[{"embeddable":true,"href":"https:\/\/linitiative.ca\/International\/wp-json\/wp\/v2\/comments?post=36728"}],"version-history":[{"count":0,"href":"https:\/\/linitiative.ca\/International\/wp-json\/wp\/v2\/posts\/36728\/revisions"}],"wp:attachment":[{"href":"https:\/\/linitiative.ca\/International\/wp-json\/wp\/v2\/media?parent=36728"}],"wp:term":[{"taxonomy":"category","embeddable":true,"href":"https:\/\/linitiative.ca\/International\/wp-json\/wp\/v2\/categories?post=36728"},{"taxonomy":"post_tag","embeddable":true,"href":"https:\/\/linitiative.ca\/International\/wp-json\/wp\/v2\/tags?post=36728"}],"curies":[{"name":"wp","href":"https:\/\/api.w.org\/{rel}","templated":true}]}}