{"id":36729,"date":"2019-05-26T12:58:00","date_gmt":"2019-05-26T16:58:00","guid":{"rendered":"https:\/\/linitiative.ca\/International\/presidentielle-2-candidatures-deposees-au-conseil-constitutionnel\/"},"modified":"2019-05-26T12:58:00","modified_gmt":"2019-05-26T16:58:00","slug":"presidentielle-2-candidatures-deposees-au-conseil-constitutionnel","status":"publish","type":"post","link":"https:\/\/linitiative.ca\/International\/presidentielle-2-candidatures-deposees-au-conseil-constitutionnel\/","title":{"rendered":"PRESIDENTIELLE : 2 candidatures d\u00e9pos\u00e9es au Conseil constitutionnel"},"content":{"rendered":"<p><br id=\"sep_para_1\" class=\"sep_para access\"\/><\/p>\n<div id=\"para_1\" class=\"para_31274819 resize\">\n<div class=\"texte access firstletter\">Alors que les dizaines de journalistes mobilis\u00e9es pendant 24h devant le Conseil constitutionnel n\u2019ont rien vu. Dans un communiqu\u00e9 diffus\u00e9 ce dimanche \u00e0 l\u2019issue de sa r\u00e9union, le Conseil constitutionnel a annonc\u00e9 le d\u00e9p\u00f4t de deux candidatures pour l\u2019\u00e9lection pr\u00e9sidentielle du 4 juillet prochain au niveau du Secr\u00e9tariat g\u00e9n\u00e9ral du Conseil. Selon le m\u00eame communiqu\u00e9, il s\u2019agit des candidats Abdelhakim Hamadi et Hamid Touahri. Ces deux pr\u00e9tendants ont, selon le m\u00eame communiqu\u00e9, d\u00e9pos\u00e9 leurs dossiers hier, samedi 25 mai, avant l\u2019expiration du d\u00e9lai. Jusqu\u2019\u00e0 minuit, la presse n\u2019a pu voir aucun candidat d\u00e9poser son dossier au niveau du conseil constitutionnel, \u00e0 l\u2019exception de Lakhdar Benzahia et A\u00eft Mokhtar Omar qui ont fini par renoncer.\u00a0\u00a0\u00a0\u00a0\u00a0\u00a0\u00a0\u00a0\u00a0\u00a0\u00a0\u00a0\u00a0\u00a0\u00a0\u00a0<\/div>\n<\/div>\n<p>Auteur: Ismain<br \/>\n<a href=\"https:\/\/www.reflexiondz.net\/PRESIDENTIELLE-2-candidatures-deposees-au-Conseil-constitutionnel_a56000.html\">Cliquez ici pour lire l&rsquo;article depuis sa source.<\/a><\/p>\n","protected":false},"excerpt":{"rendered":"<p>Alors que les dizaines de journalistes mobilis\u00e9es pendant 24h devant le Conseil constitutionnel n\u2019ont rien vu. Dans un communiqu\u00e9 diffus\u00e9 ce dimanche \u00e0 l\u2019issue de sa r\u00e9union, le Conseil constitutionnel a annonc\u00e9 le d\u00e9p\u00f4t de deux candidatures pour l\u2019\u00e9lection pr\u00e9sidentielle du 4 juillet prochain au niveau du Secr\u00e9tariat g\u00e9n\u00e9ral du Conseil. Selon le m\u00eame communiqu\u00e9, [&hellip;]<\/p>\n","protected":false},"author":1740,"featured_media":0,"comment_status":"closed","ping_status":"closed","sticky":false,"template":"","format":"standard","meta":{"fifu_image_url":"","fifu_image_alt":"","footnotes":""},"categories":[53,76],"tags":[],"class_list":["post-36729","post","type-post","status-publish","format-standard","hentry","category-algerie","category-regions"],"_links":{"self":[{"href":"https:\/\/linitiative.ca\/International\/wp-json\/wp\/v2\/posts\/36729","targetHints":{"allow":["GET"]}}],"collection":[{"href":"https:\/\/linitiative.ca\/International\/wp-json\/wp\/v2\/posts"}],"about":[{"href":"https:\/\/linitiative.ca\/International\/wp-json\/wp\/v2\/types\/post"}],"author":[{"embeddable":true,"href":"https:\/\/linitiative.ca\/International\/wp-json\/wp\/v2\/users\/1740"}],"replies":[{"embeddable":true,"href":"https:\/\/linitiative.ca\/International\/wp-json\/wp\/v2\/comments?post=36729"}],"version-history":[{"count":0,"href":"https:\/\/linitiative.ca\/International\/wp-json\/wp\/v2\/posts\/36729\/revisions"}],"wp:attachment":[{"href":"https:\/\/linitiative.ca\/International\/wp-json\/wp\/v2\/media?parent=36729"}],"wp:term":[{"taxonomy":"category","embeddable":true,"href":"https:\/\/linitiative.ca\/International\/wp-json\/wp\/v2\/categories?post=36729"},{"taxonomy":"post_tag","embeddable":true,"href":"https:\/\/linitiative.ca\/International\/wp-json\/wp\/v2\/tags?post=36729"}],"curies":[{"name":"wp","href":"https:\/\/api.w.org\/{rel}","templated":true}]}}