{"id":36730,"date":"2019-05-26T12:58:00","date_gmt":"2019-05-26T16:58:00","guid":{"rendered":"https:\/\/linitiative.ca\/International\/pour-une-sortie-de-crise-zoubida-assoul-appelle-larmee-a-faciliter-le-dialogue\/"},"modified":"2019-05-26T12:58:00","modified_gmt":"2019-05-26T16:58:00","slug":"pour-une-sortie-de-crise-zoubida-assoul-appelle-larmee-a-faciliter-le-dialogue","status":"publish","type":"post","link":"https:\/\/linitiative.ca\/International\/pour-une-sortie-de-crise-zoubida-assoul-appelle-larmee-a-faciliter-le-dialogue\/","title":{"rendered":"POUR UNE SORTIE DE CRISE : Zoubida Assoul appelle l\u2019Arm\u00e9e \u00e0 faciliter le dialogue"},"content":{"rendered":"<p><br id=\"sep_para_1\" class=\"sep_para access\"\/><\/p>\n<div id=\"para_1\" class=\"para_31274818 resize\">\n<div class=\"texte access firstletter\">Re\u00e7ue, ce dimanche, \u00e0 la chaine 3 de la Radio Alg\u00e9rienne, elle explique que le processus \u00e9lectoral pr\u00e9vu pour se d\u00e9rouler le 4 juillet prochain ne pouvait avoir lieu, parce que les conditions \u00ab objectives \u00bb pour son d\u00e9roulement \u00ab ne sont pas r\u00e9unies \u00bb. Parmi ces conditions, elle cite la pr\u00e9sence de l&rsquo;ancienne Haute instance de surveillance des scrutins, dont elle demande la fin de fonction de tous ses membres ainsi que le contr\u00f4le du fichier \u00e9lectoral, \u00ab une obligation constitutionnelle \u00bb tient-elle \u00e0 pr\u00e9ciser. Notant que les Alg\u00e9riens ont rejet\u00e9 un processus que les magistrats, eux-m\u00eames, ont refus\u00e9 de cautionner, Mme Assoul estime que ces \u00e9lections \u00ab ne sont pas une fin en soi \u00bb et qu\u2019elles ne peuvent donc \u00eatre \u00e0 m\u00eame de r\u00e9gler \u00ab une crise politique in\u00e9dite et aussi grave \u00bb. On ne peut r\u00e9gler cette crise, reprend-t-elle, tant que le chef d\u2019Etat-major qui a sans cesse r\u00e9p\u00e9t\u00e9 qu\u2019il respecterait les articles de la Constitution stipulant que le peuple est souverain, continue de camper sur ses positions d&rsquo;organiser des \u00e9lections le 4 juillet prochain. En prenant possession de la rue, poursuit-elle, le peuple a exprim\u00e9 son d\u00e9sir de provoquer une rupture avec le syst\u00e8me, d\u2019o\u00f9 la n\u00e9cessit\u00e9, d\u00e9clare-t-elle, de \u00ab trouver une solution politique \u00bb au probl\u00e8me. Pour elle, il existe un consensus consistant \u00e0 consid\u00e9rer que le pays traverse une crise demandant \u00e0 \u00eatre r\u00e9gl\u00e9e politiquement \u00ab par un dialogue s\u00e9rieux \u00bb lequel, pr\u00e9vient-elle, s\u2019il est sans cesse retard\u00e9, \u00ab va s\u2019acc\u00e9l\u00e9rer et se complexifier \u00bb. Posant la question de savoir s\u2019il s\u2019agit de sauver l\u2019Alg\u00e9rie ou bien les \u00e9lections, l\u2019intervenante pense que pour parvenir \u00e0 une \u00ab rupture r\u00e9elle \u00bb, il faudra \u00ab d\u00e9tricoter ce syst\u00e8me \u00bb et le remplacer par un Etat de droit \u00ab qui ne soit pas un simple slogan \u00bb.<\/div>\n<\/div>\n<p>Auteur: Ismain<br \/>\n<a href=\"https:\/\/www.reflexiondz.net\/POUR-UNE-SORTIE-DE-CRISE-Zoubida-Assoul-appelle-l-Armee-a-faciliter-le-dialogue_a55999.html\">Cliquez ici pour lire l&rsquo;article depuis sa source.<\/a><\/p>\n","protected":false},"excerpt":{"rendered":"<p>Re\u00e7ue, ce dimanche, \u00e0 la chaine 3 de la Radio Alg\u00e9rienne, elle explique que le processus \u00e9lectoral pr\u00e9vu pour se d\u00e9rouler le 4 juillet prochain ne pouvait avoir lieu, parce que les conditions \u00ab objectives \u00bb pour son d\u00e9roulement \u00ab ne sont pas r\u00e9unies \u00bb. Parmi ces conditions, elle cite la pr\u00e9sence de l&rsquo;ancienne Haute [&hellip;]<\/p>\n","protected":false},"author":1740,"featured_media":0,"comment_status":"closed","ping_status":"closed","sticky":false,"template":"","format":"standard","meta":{"fifu_image_url":"","fifu_image_alt":"","footnotes":""},"categories":[53,76],"tags":[],"class_list":["post-36730","post","type-post","status-publish","format-standard","hentry","category-algerie","category-regions"],"_links":{"self":[{"href":"https:\/\/linitiative.ca\/International\/wp-json\/wp\/v2\/posts\/36730","targetHints":{"allow":["GET"]}}],"collection":[{"href":"https:\/\/linitiative.ca\/International\/wp-json\/wp\/v2\/posts"}],"about":[{"href":"https:\/\/linitiative.ca\/International\/wp-json\/wp\/v2\/types\/post"}],"author":[{"embeddable":true,"href":"https:\/\/linitiative.ca\/International\/wp-json\/wp\/v2\/users\/1740"}],"replies":[{"embeddable":true,"href":"https:\/\/linitiative.ca\/International\/wp-json\/wp\/v2\/comments?post=36730"}],"version-history":[{"count":0,"href":"https:\/\/linitiative.ca\/International\/wp-json\/wp\/v2\/posts\/36730\/revisions"}],"wp:attachment":[{"href":"https:\/\/linitiative.ca\/International\/wp-json\/wp\/v2\/media?parent=36730"}],"wp:term":[{"taxonomy":"category","embeddable":true,"href":"https:\/\/linitiative.ca\/International\/wp-json\/wp\/v2\/categories?post=36730"},{"taxonomy":"post_tag","embeddable":true,"href":"https:\/\/linitiative.ca\/International\/wp-json\/wp\/v2\/tags?post=36730"}],"curies":[{"name":"wp","href":"https:\/\/api.w.org\/{rel}","templated":true}]}}