{"id":36731,"date":"2019-05-26T12:58:00","date_gmt":"2019-05-26T16:58:00","guid":{"rendered":"https:\/\/linitiative.ca\/International\/achaacha-un-septuagenaire-retrouve-mort-dans-son-domicile\/"},"modified":"2019-05-26T12:58:00","modified_gmt":"2019-05-26T16:58:00","slug":"achaacha-un-septuagenaire-retrouve-mort-dans-son-domicile","status":"publish","type":"post","link":"https:\/\/linitiative.ca\/International\/achaacha-un-septuagenaire-retrouve-mort-dans-son-domicile\/","title":{"rendered":"ACHAACHA : Un septuag\u00e9naire retrouv\u00e9  mort dans son domicile"},"content":{"rendered":"<p><br id=\"sep_para_1\" class=\"sep_para access\"\/><\/p>\n<div id=\"para_1\" class=\"para_31274809 resize\">\n<div class=\"texte access firstletter\">\u00a0Les \u00e9l\u00e9ments de la protection civile ont \u00e9t\u00e9 appel\u00e9s samedi dernier, suite \u00e0 la d\u00e9couverte du corps d&rsquo;une personne, de sexe masculin et sans vie \u00e0 l\u2019int\u00e9rieur de son domicile sous forme d\u2019une cabane\u00a0 en roseaux, situ\u00e9 au niveau du douar \u00ab Mimene \u00bb, commune d\u2019Acha\u00e0cha, il s\u2019agit d\u2019un septuag\u00e9naire, d\u00e9nomm\u00e9 \u00ab M.S \u00bb. Selon les premi\u00e8res constatations, il parait que le d\u00e9c\u00e8s remonte \u00e0 plusieurs jours. La d\u00e9pouille mortelle a \u00e9t\u00e9 \u00e9vacu\u00e9e\u00a0 apr\u00e8s l\u2019ach\u00e8vement des mesures judiciaires \u00e0 la morgue de l\u2019h\u00f4pital. Cependant,\u00a0 une enqu\u00eate a \u00e9t\u00e9 ouverte afin de d\u00e9terminer les causes du d\u00e9c\u00e8s, a-t-on ajout\u00e9.\u00a0<\/div>\n<\/div>\n<p>Auteur: G.Yacine<br \/>\n<a href=\"https:\/\/www.reflexiondz.net\/ACHAACHA-Un-septuagenaire-retrouve-mort-dans-son-domicile_a55997.html\">Cliquez ici pour lire l&rsquo;article depuis sa source.<\/a><\/p>\n","protected":false},"excerpt":{"rendered":"<p>\u00a0Les \u00e9l\u00e9ments de la protection civile ont \u00e9t\u00e9 appel\u00e9s samedi dernier, suite \u00e0 la d\u00e9couverte du corps d&rsquo;une personne, de sexe masculin et sans vie \u00e0 l\u2019int\u00e9rieur de son domicile sous forme d\u2019une cabane\u00a0 en roseaux, situ\u00e9 au niveau du douar \u00ab Mimene \u00bb, commune d\u2019Acha\u00e0cha, il s\u2019agit d\u2019un septuag\u00e9naire, d\u00e9nomm\u00e9 \u00ab M.S \u00bb. Selon [&hellip;]<\/p>\n","protected":false},"author":1740,"featured_media":0,"comment_status":"closed","ping_status":"closed","sticky":false,"template":"","format":"standard","meta":{"fifu_image_url":"","fifu_image_alt":"","footnotes":""},"categories":[53,76],"tags":[],"class_list":["post-36731","post","type-post","status-publish","format-standard","hentry","category-algerie","category-regions"],"_links":{"self":[{"href":"https:\/\/linitiative.ca\/International\/wp-json\/wp\/v2\/posts\/36731","targetHints":{"allow":["GET"]}}],"collection":[{"href":"https:\/\/linitiative.ca\/International\/wp-json\/wp\/v2\/posts"}],"about":[{"href":"https:\/\/linitiative.ca\/International\/wp-json\/wp\/v2\/types\/post"}],"author":[{"embeddable":true,"href":"https:\/\/linitiative.ca\/International\/wp-json\/wp\/v2\/users\/1740"}],"replies":[{"embeddable":true,"href":"https:\/\/linitiative.ca\/International\/wp-json\/wp\/v2\/comments?post=36731"}],"version-history":[{"count":0,"href":"https:\/\/linitiative.ca\/International\/wp-json\/wp\/v2\/posts\/36731\/revisions"}],"wp:attachment":[{"href":"https:\/\/linitiative.ca\/International\/wp-json\/wp\/v2\/media?parent=36731"}],"wp:term":[{"taxonomy":"category","embeddable":true,"href":"https:\/\/linitiative.ca\/International\/wp-json\/wp\/v2\/categories?post=36731"},{"taxonomy":"post_tag","embeddable":true,"href":"https:\/\/linitiative.ca\/International\/wp-json\/wp\/v2\/tags?post=36731"}],"curies":[{"name":"wp","href":"https:\/\/api.w.org\/{rel}","templated":true}]}}