{"id":36738,"date":"2019-05-26T05:00:49","date_gmt":"2019-05-26T09:00:49","guid":{"rendered":"https:\/\/linitiative.ca\/International\/a-quand-le-demarrage-des-travaux\/"},"modified":"2019-05-26T05:00:49","modified_gmt":"2019-05-26T09:00:49","slug":"a-quand-le-demarrage-des-travaux","status":"publish","type":"post","link":"https:\/\/linitiative.ca\/International\/a-quand-le-demarrage-des-travaux\/","title":{"rendered":"A quand le d\u00e9marrage des travaux ?"},"content":{"rendered":"<h4 class=\"title-14\">Extension de l\u2019a\u00e9rogare de Chlef<\/h4>\n<div class=\"featured_image\"><img width=\"800\" height=\"600\" data-cfsrc=\"https:\/\/www.elwatan.com\/wp-content\/uploads\/2019\/05\/ae\u0301roport-Aboubakr-Belkaid.gif\" class=\"attachment-post-thumbnail size-post-thumbnail wp-post-image c1\" alt=\"\"\/><noscript><\/p>\n<p><img loading=\"lazy\" decoding=\"async\" width=\"800\" height=\"600\" src=\"https:\/\/www.elwatan.com\/wp-content\/uploads\/2019\/05\/ae%CC%81roport-Aboubakr-Belkaid.gif\" class=\"attachment-post-thumbnail size-post-thumbnail wp-post-image\" alt=\"\"\/><\/p>\n<p><\/noscript><\/div>\n<p class=\"p4\"><span class=\"s3\">Une enveloppe de 90 milliards de centimes \u00e9t\u00e9 d\u00e9gag\u00e9e en 2018 pour la r\u00e9novation et l\u2019\u00e9largissement de l\u2019a\u00e9rogare, mais l\u2019op\u00e9ration tarde \u00e0 \u00eatre lanc\u00e9e pour des raisons inconnues.<\/span><\/p>\n<p class=\"p4\"><span class=\"s4\"><strong>O<\/strong><\/span>p\u00e9rationnel depuis 13 ans, l\u2019a\u00e9roport international Aboubakr Belka\u00efd de Chlef reste, malheureusement, sous-exploit\u00e9 et en attente de travaux d\u2019extension de son a\u00e9rogare. Seule la piste d\u2019atterrissage a fait l\u2019objet de travaux d\u2019agrandissement, passant \u00e0 une longueur de 3400 m\u00e8tres, ce qui permet l\u2019atterrissage de gros avions de jour comme de nuit. Il faut signaler qu\u2019une enveloppe de 90 milliards de centimes \u00e9t\u00e9 d\u00e9gag\u00e9e en 2018 pour la r\u00e9novation et l\u2019\u00e9largissement de l\u2019a\u00e9rogare, mais l\u2019op\u00e9ration tarde \u00e0 \u00eatre lanc\u00e9e pour des raisons inconnues.<\/p>\n<p class=\"p4\">C\u2019est d\u2019autant plus surprenant que cette plateforme a\u00e9roportuaire, utilis\u00e9e par des passagers du centre-ouest du pays, conna\u00eet une \u00e9volution en mati\u00e8re de trafic passagers pour les deux lignes en exploitation, \u00e0 savoir Chlef-Marseille et Chlef-Paris.<\/p>\n<p class=\"p4\">Du coup, une demande pour l\u2019ouverture de<span class=\"Apple-converted-space\">\u00a0<\/span> nouvelles dessertes, notamment en direction<span class=\"Apple-converted-space\">\u00a0<\/span> de Metz, Lyon et certaines villes de l\u2019int\u00e9rieur du pays, a \u00e9t\u00e9 formul\u00e9e, mais reste insatisfaite malgr\u00e9 le besoin exprim\u00e9 par les usagers.<\/p>\n<p class=\"p4\">En attendant, ces derniers, comme les diff\u00e9rents intervenants concern\u00e9s, sont persuad\u00e9s que la mise \u00e0 niveau tant promise de cette infrastructure \u00e0 dimension r\u00e9gionale, pourrait ouvrir de nouvelles perspectives pour le transport a\u00e9rien dans le grand Cheliff, appel\u00e9 \u00e0 jouer un r\u00f4le important sur le plan \u00e9conomique.<\/p>\n<p class=\"p4\"><strong>Un vol suppl\u00e9mentaire vers Marseille<\/strong><\/p>\n<p class=\"p4\">Par ailleurs, au moment o\u00f9 nous r\u00e9digeons ces lignes, nous avons appris que la compagnie nationale Air Alg\u00e9rie s\u2019est mise au diapason de l\u2019attente de sa client\u00e8le en d\u00e9cidant d\u2019ajouter un vol suppl\u00e9mentaire sur la ligne Chlef-Marseille \u00e0 partir de la mi-juin prochain et de revenir \u00e0 l\u2019ancien programme de dessertes vers cette destination.<\/p>\n<p class=\"p4\">Ainsi, les trois vols programm\u00e9s sur cette ligne reprendront le 16 juin avec arriv\u00e9e \u00e0 12h30 et d\u00e9part \u00e0 14h25, comme l\u2019ont souhait\u00e9 les passagers. Pour ce qui est du vol Chlef-Paris, la programmation reste inchang\u00e9e, avec deux dessertes tous les mercredis et samedis (d\u00e9part \u00e0 10h45 et retour<span class=\"Apple-converted-space\">\u00a0<\/span> \u00e0 16h30).<\/p>\n<div class=\"yuzo_related_post style-1\" data-version=\"5.12.88\">\n<p><h3>Related Post<\/h3>\n<\/p>\n<div class=\"yuzo_wraps\">\n<div class=\"relatedthumb relatedpost-168254 c11\"><a href=\"https:\/\/www.elwatan.com\/edition\/actualite\/la-lutte-anticancer-nest-plus-un-probleme-de-sante-publique-mais-une-question-eminemment-politique-29-11-2018\"\/><\/p>\n<p><span class=\"yuzo__text--title c10\">\u00abLa lutte anticancer n\u2019est plus un probl\u00e8me de san&#8230;<\/span><\/div>\n<div class=\"relatedthumb relatedpost-553893 c11\"><a href=\"https:\/\/www.elwatan.com\/edition\/actualite\/ils-activaient-a-travers-la-wilaya-de-mostaganem-trois-reseaux-dorganisation-de-voyages-clandestins-demanteles-19-01-2019\"\/><\/p>\n<p><span class=\"yuzo__text--title c10\">Ils activaient \u00e0 travers la wilaya de Mostaganem :&#8230;<\/span><\/div>\n<div class=\"relatedthumb relatedpost-566235 c11\"><a href=\"https:\/\/www.elwatan.com\/edition\/sports\/euro-2020-la-france-et-les-favoris-font-le-show-27-03-2019\"\/><\/p>\n<p><span class=\"yuzo__text--title c10\">Euro-2020 : La France et les favoris font le show<\/span><\/div>\n<div class=\"relatedthumb relatedpost-148209 c11\"><a href=\"https:\/\/www.elwatan.com\/edition\/sports\/mc-oran-cacophonie-et-stupeur-chez-les-hamraoua-07-09-2018\"\/><\/p>\n<p><span class=\"yuzo__text--title c10\">MC Oran : Cacophonie et stupeur chez les Hamraoua<\/span><\/div>\n<\/div>\n<\/div>\n<p><span class=\"post-views-label\">Post Views:<\/span> <span class=\"post-views-count\">193<\/span><\/p>\n<p>Auteur: Anis Khecheba<br \/>\n<a href=\"https:\/\/www.elwatan.com\/regions\/ouest\/chlef\/a-quand-le-demarrage-des-travaux-26-05-2019\">Cliquez ici pour lire l&rsquo;article depuis sa source.<\/a><\/p>\n","protected":false},"excerpt":{"rendered":"<p>Extension de l\u2019a\u00e9rogare de Chlef Une enveloppe de 90 milliards de centimes \u00e9t\u00e9 d\u00e9gag\u00e9e en 2018 pour la r\u00e9novation et l\u2019\u00e9largissement de l\u2019a\u00e9rogare, mais l\u2019op\u00e9ration tarde \u00e0 \u00eatre lanc\u00e9e pour des raisons inconnues. Op\u00e9rationnel depuis 13 ans, l\u2019a\u00e9roport international Aboubakr Belka\u00efd de Chlef reste, malheureusement, sous-exploit\u00e9 et en attente de travaux d\u2019extension de son a\u00e9rogare. [&hellip;]<\/p>\n","protected":false},"author":1743,"featured_media":36739,"comment_status":"closed","ping_status":"closed","sticky":false,"template":"","format":"standard","meta":{"fifu_image_url":"","fifu_image_alt":"","footnotes":""},"categories":[73,53],"tags":[],"class_list":["post-36738","post","type-post","status-publish","format-standard","has-post-thumbnail","hentry","category-actualite","category-algerie"],"_links":{"self":[{"href":"https:\/\/linitiative.ca\/International\/wp-json\/wp\/v2\/posts\/36738","targetHints":{"allow":["GET"]}}],"collection":[{"href":"https:\/\/linitiative.ca\/International\/wp-json\/wp\/v2\/posts"}],"about":[{"href":"https:\/\/linitiative.ca\/International\/wp-json\/wp\/v2\/types\/post"}],"author":[{"embeddable":true,"href":"https:\/\/linitiative.ca\/International\/wp-json\/wp\/v2\/users\/1743"}],"replies":[{"embeddable":true,"href":"https:\/\/linitiative.ca\/International\/wp-json\/wp\/v2\/comments?post=36738"}],"version-history":[{"count":0,"href":"https:\/\/linitiative.ca\/International\/wp-json\/wp\/v2\/posts\/36738\/revisions"}],"wp:featuredmedia":[{"embeddable":true,"href":"https:\/\/linitiative.ca\/International\/wp-json\/"}],"wp:attachment":[{"href":"https:\/\/linitiative.ca\/International\/wp-json\/wp\/v2\/media?parent=36738"}],"wp:term":[{"taxonomy":"category","embeddable":true,"href":"https:\/\/linitiative.ca\/International\/wp-json\/wp\/v2\/categories?post=36738"},{"taxonomy":"post_tag","embeddable":true,"href":"https:\/\/linitiative.ca\/International\/wp-json\/wp\/v2\/tags?post=36738"}],"curies":[{"name":"wp","href":"https:\/\/api.w.org\/{rel}","templated":true}]}}