{"id":36740,"date":"2019-05-26T05:00:52","date_gmt":"2019-05-26T09:00:52","guid":{"rendered":"https:\/\/linitiative.ca\/International\/belhadj-rachid-un-stoppeur-hors-pair\/"},"modified":"2019-05-26T05:00:52","modified_gmt":"2019-05-26T09:00:52","slug":"belhadj-rachid-un-stoppeur-hors-pair","status":"publish","type":"post","link":"https:\/\/linitiative.ca\/International\/belhadj-rachid-un-stoppeur-hors-pair\/","title":{"rendered":"Belhadj Rachid, un stoppeur hors pair"},"content":{"rendered":"<h4 class=\"title-14\">MC Sa\u00efda (anciennes gloires du football)<\/h4>\n<div class=\"featured_image\"><img width=\"300\" height=\"379\" data-cfsrc=\"https:\/\/www.elwatan.com\/wp-content\/uploads\/2019\/05\/behadj-MCS.gif\" class=\"attachment-post-thumbnail size-post-thumbnail wp-post-image c1\" alt=\"\"\/><noscript><\/p>\n<p><img loading=\"lazy\" decoding=\"async\" width=\"300\" height=\"379\" src=\"https:\/\/www.elwatan.com\/wp-content\/uploads\/2019\/05\/behadj-MCS.gif\" class=\"attachment-post-thumbnail size-post-thumbnail wp-post-image\" alt=\"\"\/><\/p>\n<p><\/noscript><\/div>\n<p class=\"p1\"><span class=\"s3\"><strong>N<\/strong><\/span><span class=\"s4\">\u00e9 en 1963, mari\u00e9 et p\u00e8re de trois enfants, Belhadj Rachid a d\u00e9but\u00e9 tr\u00e8s jeune \u00e0 taper dans un ballon, tout d\u2019abord dans le village de Rebahia (Sa\u00efda) lors des matchs inter-quartiers, il a \u00e9t\u00e9 ensuite d\u00e9nich\u00e9 gr\u00e2ce \u00e0 sa technique, sa corpulence et se retrouve au MC Sa\u00efda.<\/span><\/p>\n<p class=\"p1\"><span class=\"s4\"><em>\u00abJ\u2019ai d\u00e9but\u00e9 en tant que junior, puis au bout de 5 matchs, je me suis retrouv\u00e9 en senior. J\u2019ai occup\u00e9 le poste d\u2019attaquant dans un premier temps. Les entra\u00eeneurs, Rahai et Sahraoui, m\u2019ont chang\u00e9 de poste et je me suis retrouv\u00e9 d\u00e9fenseur. Comme j\u2019\u00e9tais de forte corpulence avec 1m80 et rapide, le poste de stoppeur me sied \u00e0 merveille, selon les entra\u00eeneurs, il m\u2019a fallu une ann\u00e9e pour m\u2019adapter. En 1989, j\u2019ai \u00e9t\u00e9 bless\u00e9 lors d\u2019un match face \u00e0 Khenchela.<\/em><\/span><\/p>\n<p class=\"p1\"><span class=\"s4\"><em>Le Mouloudia m\u2019a abandonn\u00e9, je suis parti \u00e0 Alger me faire op\u00e9rer, j\u2019ai \u00e9t\u00e9 aid\u00e9 par des amis, alors que je n\u2019avais que 27 ans\u00bb<\/em>, nous apprit l\u2019ancienne gloire du football, Belhadj Rachid, et d\u2019ajouter\u00a0: <em>\u00abOn avait \u00e0 l\u2019\u00e9poque comme entra\u00eeneur Sa\u00efd Amara, on s\u2019entra\u00eenait au stade Braci. Les primes lors de victoires \u00e9taient de 250 dinars, la prime de signature ne d\u00e9passait pas les 4 millions de cts.<\/em><\/span><\/p>\n<p class=\"p1\"><span class=\"s4\"><em>Lors de notre accession en Nationale 1, en 1987, on nous a donn\u00e9 4000 dinars et un globe terrestre, il faut reconna\u00eetre qu\u2019\u00e0 cette \u00e9poque les moyens financiers \u00e9taient insuffisants. J\u2019ai jou\u00e9 avec de grands joueurs comme Belbahri, Tahiri, le MCS n\u2019avait que 4 joueurs venus en renfort des autres r\u00e9gions, tous les autres \u00e9l\u00e9ments \u00e9taient du cru.<\/em><\/span><\/p>\n<p class=\"p1\"><span class=\"s4\"><em>Le MCS \u00e9tait un v\u00e9ritable club formateur.\u00bb<\/em> En 1984, Rachid a \u00e9t\u00e9 appel\u00e9 pour accomplir son service militaire \u00e0 Blida, il joua avec l\u2019\u00e9quipe militaire qui remporta la coupe d\u2019Alg\u00e9rie et c\u2019est l\u00e0 que plusieurs clubs, dont Bel Abb\u00e8s, Blida, Boufarik lui ont propos\u00e9 de jouer avec eux.<\/span><\/p>\n<p class=\"p1\"><span class=\"s4\">Questionn\u00e9 sur le football d\u2019hier et celui d\u2019aujourd\u2019hui, notre interlocuteur nous confia\u00a0: <em>\u00abAvant, on jouait pour l\u2019honneur de la ville. On d\u00e9fendait cr\u00e2nement l\u2019\u00e9quipe, d\u2019ailleurs quand on perdait, on pleurait. Les supporters \u00e9taient superbes, ils encourageaient l\u2019\u00e9quipe et aucun mot grossier n\u2019\u00e9tait prononc\u00e9, l\u2019argent venait en seconde position.<\/em><\/span><\/p>\n<p class=\"p1\"><span class=\"s4\"><em>Aujourd\u2019hui, les choses ont beaucoup chang\u00e9, seul l\u2019argent compte et il n\u2019y a pas de grands joueurs talentueux comme avant. La violence dans les stades s\u2019accro\u00eet de jour en jour, elle est due aux transformations sociales, culturelles, \u00e9conomiques et politiques du pays\u00bb.<\/em>\u00a0<\/span><\/p>\n<div class=\"yuzo_related_post style-1\" data-version=\"5.12.88\">\n<p><h3>Related Post<\/h3>\n<\/p>\n<div class=\"yuzo_wraps\">\n<div class=\"relatedthumb relatedpost-155720 c11\"><a href=\"https:\/\/www.elwatan.com\/edition\/actualite\/oeuvres-sociales-des-syndicats-evoquent-lopacite-du-bilan-16-10-2018\"\/><\/p>\n<p><span class=\"yuzo__text--title c10\">\u0152uvres sociales : Des syndicats \u00e9voquent l\u2019\u00abopacit&#8230;<\/span><\/div>\n<div class=\"relatedthumb relatedpost-147417 c11\"><a href=\"https:\/\/www.elwatan.com\/edition\/sports\/ligue-1-mise-a-jour-less-et-lusma-visent-la-premiere-place-03-09-2018\"\/><\/p>\n<p><span class=\"yuzo__text--title c10\">Ligue 1 \u2013 mise \u00e0 jour : L\u2019ESS et l\u2019USMA visent la &#8230;<\/span><\/div>\n<div class=\"relatedthumb relatedpost-382619 c11\"><a href=\"https:\/\/www.elwatan.com\/edition\/actualite\/un-an-apres-les-emeutes-de-janvier-les-familles-des-victimes-face-a-limpunite-06-01-2012\"\/><\/p>\n<p><span class=\"yuzo__text--title c10\">Un an apr\u00e8s les \u00e9meutes de janvier : Les familles&#8230;<\/span><\/div>\n<div class=\"relatedthumb relatedpost-359486 c11\"><a href=\"https:\/\/www.elwatan.com\/edition\/actualite\/le-collectif-initiative-pour-la-dignite-du-journaliste-ecarte-10-06-2011\"\/><\/p>\n<p><span class=\"yuzo__text--title c10\">Le collectif \u00abInitiative pour la dignit\u00e9 du journa&#8230;<\/span><\/div>\n<\/div>\n<\/div>\n<p><span class=\"post-views-label\">Post Views:<\/span> <span class=\"post-views-count\">427<\/span><\/p>\n<p>Auteur: Anis Khecheba<br \/>\n<a href=\"https:\/\/www.elwatan.com\/regions\/ouest\/actu-ouest\/belhadj-rachid-un-stoppeur-hors-pair-26-05-2019\">Cliquez ici pour lire l&rsquo;article depuis sa source.<\/a><\/p>\n","protected":false},"excerpt":{"rendered":"<p>MC Sa\u00efda (anciennes gloires du football) N\u00e9 en 1963, mari\u00e9 et p\u00e8re de trois enfants, Belhadj Rachid a d\u00e9but\u00e9 tr\u00e8s jeune \u00e0 taper dans un ballon, tout d\u2019abord dans le village de Rebahia (Sa\u00efda) lors des matchs inter-quartiers, il a \u00e9t\u00e9 ensuite d\u00e9nich\u00e9 gr\u00e2ce \u00e0 sa technique, sa corpulence et se retrouve au MC Sa\u00efda. [&hellip;]<\/p>\n","protected":false},"author":1743,"featured_media":36741,"comment_status":"closed","ping_status":"closed","sticky":false,"template":"","format":"standard","meta":{"fifu_image_url":"","fifu_image_alt":"","footnotes":""},"categories":[73,53],"tags":[],"class_list":["post-36740","post","type-post","status-publish","format-standard","has-post-thumbnail","hentry","category-actualite","category-algerie"],"_links":{"self":[{"href":"https:\/\/linitiative.ca\/International\/wp-json\/wp\/v2\/posts\/36740","targetHints":{"allow":["GET"]}}],"collection":[{"href":"https:\/\/linitiative.ca\/International\/wp-json\/wp\/v2\/posts"}],"about":[{"href":"https:\/\/linitiative.ca\/International\/wp-json\/wp\/v2\/types\/post"}],"author":[{"embeddable":true,"href":"https:\/\/linitiative.ca\/International\/wp-json\/wp\/v2\/users\/1743"}],"replies":[{"embeddable":true,"href":"https:\/\/linitiative.ca\/International\/wp-json\/wp\/v2\/comments?post=36740"}],"version-history":[{"count":0,"href":"https:\/\/linitiative.ca\/International\/wp-json\/wp\/v2\/posts\/36740\/revisions"}],"wp:featuredmedia":[{"embeddable":true,"href":"https:\/\/linitiative.ca\/International\/wp-json\/"}],"wp:attachment":[{"href":"https:\/\/linitiative.ca\/International\/wp-json\/wp\/v2\/media?parent=36740"}],"wp:term":[{"taxonomy":"category","embeddable":true,"href":"https:\/\/linitiative.ca\/International\/wp-json\/wp\/v2\/categories?post=36740"},{"taxonomy":"post_tag","embeddable":true,"href":"https:\/\/linitiative.ca\/International\/wp-json\/wp\/v2\/tags?post=36740"}],"curies":[{"name":"wp","href":"https:\/\/api.w.org\/{rel}","templated":true}]}}