{"id":36744,"date":"2019-05-26T05:10:28","date_gmt":"2019-05-26T09:10:28","guid":{"rendered":"https:\/\/linitiative.ca\/International\/aucun-candidat-recevable-na-remis-son-dossier-au-conseil-constitutionnel\/"},"modified":"2019-05-26T05:10:28","modified_gmt":"2019-05-26T09:10:28","slug":"aucun-candidat-recevable-na-remis-son-dossier-au-conseil-constitutionnel","status":"publish","type":"post","link":"https:\/\/linitiative.ca\/International\/aucun-candidat-recevable-na-remis-son-dossier-au-conseil-constitutionnel\/","title":{"rendered":"Aucun candidat recevable n\u2019a remis son dossier au Conseil constitutionnel"},"content":{"rendered":"<h4 class=\"title-14\"\/>\n<p>Aucune bousculade au portillon du Conseil constitutionnel, rest\u00e9 hier ouvert jusqu\u2019\u00e0 minuit, fin du d\u00e9lai l\u00e9gal pour le d\u00e9p\u00f4t de la d\u00e9claration de candidature \u00e0 la pr\u00e9sidence de la R\u00e9publique, et ce, conform\u00e9ment \u00e0 l\u2019article 140 de la loi organique portant r\u00e9gime \u00e9lectoral.<\/p>\n<p>Officiellement, 77 pr\u00e9tendants \u00e0 la magistrature supr\u00eame ont d\u00e9pos\u00e9 leurs lettres d\u2019intention au niveau du minist\u00e8re de l\u2019Int\u00e9rieur et ont retir\u00e9 les formulaires de signatures. Concr\u00e8tement, \u00e0 l\u2019exception d\u2019un seul dossier de candidature \u00e0 la pr\u00e9sidentielle, aucun autre n\u2019a \u00e9t\u00e9 remis au Conseil constitutionnel plac\u00e9 pour la circonstance sous haute surveillance. L\u2019unique postulant est un illustre inconnu Benzahia Lakhdar, militaire \u00e0 la retraite et ancien militant du FLN.<\/p>\n<p>Face \u00e0 cette situation in\u00e9dite, n\u00e9e d\u2019une crise in\u00e9dite, que feront les d\u00e9cideurs sachant que m\u00eame la Constitution ne pr\u00e9voit pas le sc\u00e9nario de l\u2019absence de candidature recevable ? Va-t-on vers l\u2019annulation de cette \u00e9lection\u00a0rejet\u00e9e dans le fond et la forme par le mouvement populaire\u00a0?<\/p>\n<p>Sur quelle base se fera le report si l\u2019on sort du champ constitutionnel\u00a0? Des observateurs et acteurs politiques estiment que cette situation est engendr\u00e9e par l\u2019obstination des tenants du pouvoir qui, aujourd\u2019hui, n\u2019ont d\u2019autre choix que de reporter cette \u00e9lection et s\u2019il y aura un report, il s\u2019agira du deuxi\u00e8me en l\u2019espace de trois mois.<\/p>\n<p>Une premi\u00e8re dans l\u2019histoire du pays. Selon les constitutionnalistes, une \u00e9lection sans pr\u00e9sidentiable est report\u00e9e de facto, d\u2019une mani\u00e8re automatique. Car ni le Conseil constitutionnel ni le chef d\u2019Etat par int\u00e9rim ne peuvent reporter l\u2019\u00e9lection.<\/p>\n<p>Le Conseil peut uniquement proclamer qu\u2019il n\u2019y a pas de candidat. Le politologue Mohamed Taibi estime qu\u2019une pr\u00e9sidentielle exige un ensemble de conditions politiques, qui n\u2019existent pas aujourd\u2019hui. \u00abLe principe de la pr\u00e9sidentielle est d\u2019ouvrir une nouvelle page et non de cr\u00e9er une situation de blocage.<\/p>\n<p>Une \u00e9lection d\u00e9cri\u00e9e par les Alg\u00e9riens pose un v\u00e9ritable probl\u00e8me politique. Aujourd\u2019hui, le pays ne poss\u00e8de pas d\u2019arsenal s\u00e9curitaire qui puisse assurer une \u00e9lection transparente, et les autorit\u00e9s le savent\u00bb, explique-t-il. Pour \u00e9viter le statu quo et, peut-\u00eatre, dans un geste d\u2019apaisement, le pouvoir va opter, selon Taibi, pour une \u00e9lection vers la fin de l\u2019ann\u00e9e.<\/p>\n<p>Ali Benflis, plusieurs fois candidat \u00e0 la pr\u00e9sidentielle, pense que \u00abl\u2019\u00e9chec consomm\u00e9 de cette \u00e9lection que le peuple a rejet\u00e9e, consid\u00e9rant ses conditions de d\u00e9roulement inappropri\u00e9es et inacceptables, commande, imp\u00e9rieusement, le recours \u00e0 la voie politico-constitutionnelle\u00bb. Deux partis politiques, notamment l\u2019ANR et le Front El Moustakbel, qui avaient annonc\u00e9 leur participation \u00e0 ces joutes, ont d\u00e9cid\u00e9 de se retirer.<\/p>\n<p>Bela\u00efd Abdelaziz, qui s\u2019est d\u00e9j\u00e0 port\u00e9 \u00e0 la pr\u00e9sidentielle annul\u00e9e du 28 avril, avant de renoncer, a expliqu\u00e9 ce retrait notamment par la non-installation de l\u2019instance ind\u00e9pendante de contr\u00f4le des \u00e9lections, l\u2019absence de concurrence, la non-concr\u00e9tisation du dialogue auquel a appel\u00e9 le commandement de l\u2019arm\u00e9e, et le contexte politique exceptionnel marqu\u00e9 par la r\u00e9volte populaire.<\/p>\n<p>Bela\u00efd, qui a r\u00e9uni, selon son parti, les signatures n\u00e9cessaires, demeure convaincu que le processus politique dans le cadre constitutionnel est la seule voie de sortie de crise. L\u2019autre chef de parti, qui a suspendu sa candidature pour le scrutin pr\u00e9sidentiel, est Belkacem Sahli de l\u2019ANR, et ce, \u00abjusqu\u2019\u00e0 ce que les conditions de r\u00e9ussite de la consultation soient r\u00e9unies\u00bb.<\/p>\n<p>L\u2019ANR avait conditionn\u00e9, fin avril 2018, sa participation \u00e0 l\u2019\u00e9lection par la d\u00e9signation d\u2019une instance ind\u00e9pendante pour l\u2019organisation des \u00e9lections, la r\u00e9vision de certains articles de la loi portant r\u00e9gime \u00e9lectoral, la d\u00e9signation d\u2019\u00abun gouvernement de comp\u00e9tences nationales\u00bb conduit par \u00abune personnalit\u00e9 ind\u00e9pendante\u00bb et le r\u00e8glement de \u00abla crise de l\u00e9gitimit\u00e9\u00bb de l\u2019APN, Chambre basse du Parlement.<\/p>\n<p>L\u2019ANR, rappelle que de \u00ablarges couches\u00bb de la population alg\u00e9rienne rejettent \u00able cadre dans lequel doit se tenir la pr\u00e9sidentielle, le 4 juillet\u00bb, mais pas l\u2019\u00e9lection elle-m\u00eame, qui est \u00abun moyen d\u00e9mocratique et libre pour exprimer la souverainet\u00e9 populaire\u00bb.<\/p>\n<div class=\"yuzo_related_post style-1\" data-version=\"5.12.88\">\n<p><h3>Related Post<\/h3>\n<\/p>\n<div class=\"yuzo_wraps\">\n<div class=\"relatedthumb relatedpost-366430 c11\"><a href=\"https:\/\/www.elwatan.com\/edition\/international\/chine-peu-de-chances-de-retrouver-les-26-mineurs-pieges-26-08-2011\"\/><\/p>\n<p><span class=\"yuzo__text--title c10\">Chine : Peu de chances de retrouver les 26 mineurs&#8230;<\/span><\/div>\n<div class=\"relatedthumb relatedpost-558667 c11\"><a href=\"https:\/\/www.elwatan.com\/edition\/actualite\/fabriquees-localement-et-les-glucometres-les-diabetiques-sont-ils-en-danger-17-02-2019\"\/><\/p>\n<p><span class=\"yuzo__text--title c10\">Fabriqu\u00e9es localement et les glucom\u00e8tres : Les dia&#8230;<\/span><\/div>\n<div class=\"relatedthumb relatedpost-566432 c11\"><a href=\"https:\/\/www.elwatan.com\/edition\/sports\/en-amical-algerie-1-tunisie-0-les-titulaires-peu-convaincants-28-03-2019\"\/><\/p>\n<p><span class=\"yuzo__text--title c10\">En amical. Alg\u00e9rie 1 \u2013 Tunisie 0 : Les titulaires &#8230;<\/span><\/div>\n<div class=\"relatedthumb relatedpost-554409 c11\"><a href=\"https:\/\/www.elwatan.com\/regions\/est\/actu-est\/une-espece-protegee-non-exportable-22-01-2019\"\/><\/p>\n<p><span class=\"yuzo__text--title c10\">Une esp\u00e8ce prot\u00e9g\u00e9e non exportable<\/span><\/div>\n<\/div>\n<\/div>\n<p><span class=\"post-views-label\">Post Views:<\/span> <span class=\"post-views-count\">789<\/span><\/p>\n<p>Auteur: Hicham Chouadria<br \/>\n<a href=\"https:\/\/www.elwatan.com\/edition\/actualite\/aucun-candidat-recevable-na-remis-son-dossier-au-conseil-constitutionnel-26-05-2019\">Cliquez ici pour lire l&rsquo;article depuis sa source.<\/a><\/p>\n","protected":false},"excerpt":{"rendered":"<p>Aucune bousculade au portillon du Conseil constitutionnel, rest\u00e9 hier ouvert jusqu\u2019\u00e0 minuit, fin du d\u00e9lai l\u00e9gal pour le d\u00e9p\u00f4t de la d\u00e9claration de candidature \u00e0 la pr\u00e9sidence de la R\u00e9publique, et ce, conform\u00e9ment \u00e0 l\u2019article 140 de la loi organique portant r\u00e9gime \u00e9lectoral. Officiellement, 77 pr\u00e9tendants \u00e0 la magistrature supr\u00eame ont d\u00e9pos\u00e9 leurs lettres d\u2019intention [&hellip;]<\/p>\n","protected":false},"author":1743,"featured_media":0,"comment_status":"closed","ping_status":"closed","sticky":false,"template":"","format":"standard","meta":{"fifu_image_url":"","fifu_image_alt":"","footnotes":""},"categories":[73,53],"tags":[],"class_list":["post-36744","post","type-post","status-publish","format-standard","hentry","category-actualite","category-algerie"],"_links":{"self":[{"href":"https:\/\/linitiative.ca\/International\/wp-json\/wp\/v2\/posts\/36744","targetHints":{"allow":["GET"]}}],"collection":[{"href":"https:\/\/linitiative.ca\/International\/wp-json\/wp\/v2\/posts"}],"about":[{"href":"https:\/\/linitiative.ca\/International\/wp-json\/wp\/v2\/types\/post"}],"author":[{"embeddable":true,"href":"https:\/\/linitiative.ca\/International\/wp-json\/wp\/v2\/users\/1743"}],"replies":[{"embeddable":true,"href":"https:\/\/linitiative.ca\/International\/wp-json\/wp\/v2\/comments?post=36744"}],"version-history":[{"count":0,"href":"https:\/\/linitiative.ca\/International\/wp-json\/wp\/v2\/posts\/36744\/revisions"}],"wp:attachment":[{"href":"https:\/\/linitiative.ca\/International\/wp-json\/wp\/v2\/media?parent=36744"}],"wp:term":[{"taxonomy":"category","embeddable":true,"href":"https:\/\/linitiative.ca\/International\/wp-json\/wp\/v2\/categories?post=36744"},{"taxonomy":"post_tag","embeddable":true,"href":"https:\/\/linitiative.ca\/International\/wp-json\/wp\/v2\/tags?post=36744"}],"curies":[{"name":"wp","href":"https:\/\/api.w.org\/{rel}","templated":true}]}}