{"id":36745,"date":"2019-05-26T05:15:56","date_gmt":"2019-05-26T09:15:56","guid":{"rendered":"https:\/\/linitiative.ca\/International\/organisation-de-la-presidentielle-du-4-juillet-prochain-un-autre-rendez-vous-manque\/"},"modified":"2019-05-26T05:15:56","modified_gmt":"2019-05-26T09:15:56","slug":"organisation-de-la-presidentielle-du-4-juillet-prochain-un-autre-rendez-vous-manque","status":"publish","type":"post","link":"https:\/\/linitiative.ca\/International\/organisation-de-la-presidentielle-du-4-juillet-prochain-un-autre-rendez-vous-manque\/","title":{"rendered":"Organisation de la pr\u00e9sidentielle du 4 juillet prochain : Un autre rendez-vous manqu\u00e9\u00a0?"},"content":{"rendered":"<h4 class=\"title-14\"\/>\n<div class=\"featured_image\"><img width=\"1600\" height=\"2400\" data-cfsrc=\"https:\/\/www.elwatan.com\/wp-content\/uploads\/2019\/05\/CC.jpg\" class=\"attachment-post-thumbnail size-post-thumbnail wp-post-image c1\" alt=\"\" srcset=\"https:\/\/www.elwatan.com\/wp-content\/uploads\/2019\/05\/CC.jpg 1600w, https:\/\/www.elwatan.com\/wp-content\/uploads\/2019\/05\/CC-200x300.jpg 200w, https:\/\/www.elwatan.com\/wp-content\/uploads\/2019\/05\/CC-768x1152.jpg 768w, https:\/\/www.elwatan.com\/wp-content\/uploads\/2019\/05\/CC-683x1024.jpg 683w, https:\/\/www.elwatan.com\/wp-content\/uploads\/2019\/05\/CC-1320x1980.jpg 1320w\" sizes=\"(max-width: 1600px) 100vw, 1600px\"\/><noscript><\/p>\n<p><img loading=\"lazy\" decoding=\"async\" width=\"1600\" height=\"2400\" src=\"https:\/\/www.elwatan.com\/wp-content\/uploads\/2019\/05\/CC.jpg\" class=\"attachment-post-thumbnail size-post-thumbnail wp-post-image\" alt=\"\" srcset=\"https:\/\/www.elwatan.com\/wp-content\/uploads\/2019\/05\/CC.jpg 1600w, https:\/\/www.elwatan.com\/wp-content\/uploads\/2019\/05\/CC-200x300.jpg 200w, https:\/\/www.elwatan.com\/wp-content\/uploads\/2019\/05\/CC-768x1152.jpg 768w, https:\/\/www.elwatan.com\/wp-content\/uploads\/2019\/05\/CC-683x1024.jpg 683w, https:\/\/www.elwatan.com\/wp-content\/uploads\/2019\/05\/CC-1320x1980.jpg 1320w\" sizes=\"auto, (max-width: 1600px) 100vw, 1600px\"\/><\/p>\n<p><\/noscript><\/div>\n<p>la tenue de la pr\u00e9sidentielle du 4 juillet prochain est-elle d\u00e9finitivement compromise\u00a0? Un autre \u00e9l\u00e9ment intervient pour fausser encore les calculs des tenants du r\u00e9gime, \u00e0 leur t\u00eate le chef d\u2019\u00e9tat-major de l\u2019ANP, Ahmed Ga\u00efd Salah, qui tient, mordicus, \u00abau respect du cadre constitutionnel\u00bb.<\/p>\n<p>Il s\u2019agit de l\u2019absence de candidats \u00e0 la candidature au rendez-vous \u00e9lectoral, rejet\u00e9 par les Alg\u00e9riens. Jusqu\u2019\u00e0 hier apr\u00e8s-midi, le Conseil constitutionnel n\u2019a accueilli qu\u2019un seul pr\u00e9tendant \u2013\u00a0un inconnu au bataillon comme les 75 autres individus ayant retir\u00e9 les formulaires de souscriptions individuelles aupr\u00e8s du minist\u00e8re de l\u2019Int\u00e9rieur \u2013 qui a d\u00e9pos\u00e9 son dossier de candidature, mais sans la totalit\u00e9 des 60\u00a0000 signatures d\u2019\u00e9lecteurs exig\u00e9es. Ainsi, la situation commence \u00e0 se clarifier.<\/p>\n<p>Il est fort probable que le pouvoir annonce, bient\u00f4t, le report de cette joute \u00e0 une date ult\u00e9rieure. Mais comment le faire\u00a0? Que se passera-t-il apr\u00e8s le renvoi de l\u2019\u00e9lection pr\u00e9sidentielle\u00a0?<\/p>\n<p>Certaines voix, en g\u00e9n\u00e9ral des partisans de la feuille de route d\u00e9fendue par le chef d\u2019\u00e9tat-major de l\u2019ANP, parlent avec insistance d\u2019\u00abune d\u00e9claration constitutionnelle\u00bb qui permettrait le report du scrutin du 4 juillet prochain, tout en maintenant le chef de l\u2019Etat, Abdelkader Bensalah, \u00e0 son poste.<\/p>\n<p><strong>Une bizarrerie<\/strong><\/p>\n<p>Mais cette suggestion est une v\u00e9ritable bizarrerie. Selon la constitutionnaliste, Fatiha Benabou, \u00abcette d\u00e9claration constitutionnelle\u00a0n\u2019a aucune existence dans le droit constitutionnel\u00bb. \u00abelle n\u2019a exist\u00e9 qu\u2019en Egypte. Mais c\u2019est du bluff\u00bb, explique-t-elle.<\/p>\n<p>Selon elle, le Conseil constitutionnel \u00abne peut pas aller au-del\u00e0 de ce que pr\u00e9voit la Constitution\u00bb. \u00abIl ne peut que constater l\u2019absence de candidats, dans 10 jours, et le publier au Journal officiel\u00bb, souligne notre interlocutrice.<\/p>\n<p>Cependant, explique-t-elle, \u00abpersonne n\u2019a le droit de retirer le d\u00e9cret convoquant le corps \u00e9lectoral, y compris le Pr\u00e9sident\u00bb.\u00a0\u00abOn ne peut pas arr\u00eater les \u00e9lections. Sauf en cas de force majeure, comme l\u2019absence de candidats. Dans ce cas, les \u00e9lections tombent d\u2019elles-m\u00eames\u00bb, souligne-t-elle.<\/p>\n<p>Quel sera le sort de Abdelkader Bensalah dans ce cas\u00a0? Restera-t-il \u00e0 la t\u00eate de l\u2019Etat au-del\u00e0 du 4 juillet\u00a0? \u00abIl ne peut y avoir de prorogation du mandat de Bensalah. La loi ne permet aucune prorogation de son bail qui est de seulement trois mois. Au 9 juillet, il ne sera plus chef d\u2019Etat int\u00e9rimaire\u00bb, explique Fatiha Benabou.<\/p>\n<p>Le chef de l\u2019Etat, ajoute-t-elle, pourrait, avant l\u2019expiration de son mandat, promulgu\u00e9 un autre d\u00e9cret convoquant le corps \u00e9lectoral dans un d\u00e9lai de trois mois. Toutefois, le gouvernement Bedoui, rejet\u00e9 lui aussi pas le mouvement populaire, ne partira pas. \u00abPersonne n\u2019a la pr\u00e9rogative de le limoger. Il restera jusqu\u2019\u00e0 l\u2019\u00e9lection d\u2019un nouveau Pr\u00e9sident.<\/p>\n<p>Par contre, le Premier ministre, lui, peut d\u00e9missionner de son poste\u00bb, ajoute notre interlocutrice, insistant sur la n\u00e9cessit\u00e9 de maintenir \u00abla Constitution qui est l\u2019acte de naissance de l\u2019Etat alg\u00e9rien et c\u2019est elle qui prot\u00e8ge les droits des citoyens\u00bb.<\/p>\n<p><strong>Allons-nous perdre plus de temps\u00a0?<\/strong><\/p>\n<p>L\u2019\u00e9ventuel report de la pr\u00e9sidentielle du 4 juillet prochain renverrait le pays \u00e0 la case d\u2019avant la mise en application de l\u2019article 102 de la Constitution. Les tenants du pouvoir accepteront-ils de mettre en place une s\u00e9rieuse p\u00e9riode de transition, qui sortira le pays de l\u2019impasse actuelle\u00a0?<\/p>\n<p>Vont-ils enfin entendre toutes les propositions des diff\u00e9rents partis et acteurs de l\u2019opposition qui exigent une courte transition, permettant non seulement d\u2019installer l\u2019instance ind\u00e9pendante charg\u00e9e de l\u2019organisation des \u00e9lections, mais aussi de jeter les bases d\u2019une v\u00e9ritable d\u00e9mocratie dans le pays\u00a0?<\/p>\n<p>L\u2019\u00e9tat-major de l\u2019arm\u00e9e et les responsables du pouvoir insisteront-ils sur le respect du cadre constitutionnel qui n\u2019a fait que perdre trop de temps au pays, tout en faisant perdurer la crise\u00a0?<\/p>\n<div class=\"yuzo_related_post style-1\" data-version=\"5.12.88\">\n<p><h3>Related Post<\/h3>\n<\/p>\n<div class=\"yuzo_wraps\">\n<div class=\"relatedthumb relatedpost-557689 c12\"><a href=\"https:\/\/www.elwatan.com\/regions\/centre\/alger\/salle-de-sport-les-autorites-dhussein-dey-peuvent-mieux-faire-11-02-2019\"\/><\/p>\n<p><span class=\"yuzo__text--title c11\">Salle de sport : Les autorit\u00e9s d\u2019Hussein Dey peuve&#8230;<\/span><\/div>\n<div class=\"relatedthumb relatedpost-143632 c12\"><a href=\"https:\/\/www.elwatan.com\/regions\/ouest\/actu-ouest\/temouchent-un-citoyen-agresse-par-un-squatteur-de-lespace-public-13-08-2018\"\/><\/p>\n<p><span class=\"yuzo__text--title c11\">T\u00e9mouchent : Un citoyen agress\u00e9 par un squatteur d&#8230;<\/span><\/div>\n<div class=\"relatedthumb relatedpost-561900 c12\"><a href=\"https:\/\/www.elwatan.com\/regions\/ouest\/oran\/narcotrafic-trois-reseaux-de-trafiquants-neutralises-05-03-2019\"\/><\/p>\n<p><span class=\"yuzo__text--title c11\">Narcotrafic\u00a0 : Trois r\u00e9seaux de trafiquants neutra&#8230;<\/span><\/div>\n<div class=\"relatedthumb relatedpost-548347 c12\"><a href=\"https:\/\/www.elwatan.com\/pages-hebdo\/auto\/groupe-psa-linteret-de-la-tunisie-et-du-maroc-pour-opel-2-30-01-2018\"\/><\/p>\n<p><span class=\"yuzo__text--title c11\">Groupe PSA : L\u2019int\u00e9r\u00eat de la Tunisie et du Maroc p&#8230;<\/span><\/div>\n<\/div>\n<\/div>\n<p><span class=\"post-views-label\">Post Views:<\/span> <span class=\"post-views-count\">3\u00a0497<\/span><\/p>\n<p>Auteur: Hicham Chouadria<br \/>\n<a href=\"https:\/\/www.elwatan.com\/a-la-une\/organisation-de-la-presidentielle-du-4-juillet-prochain-un-autre-rendez-vous-manque-26-05-2019\">Cliquez ici pour lire l&rsquo;article depuis sa source.<\/a><\/p>\n","protected":false},"excerpt":{"rendered":"<p>la tenue de la pr\u00e9sidentielle du 4 juillet prochain est-elle d\u00e9finitivement compromise\u00a0? Un autre \u00e9l\u00e9ment intervient pour fausser encore les calculs des tenants du r\u00e9gime, \u00e0 leur t\u00eate le chef d\u2019\u00e9tat-major de l\u2019ANP, Ahmed Ga\u00efd Salah, qui tient, mordicus, \u00abau respect du cadre constitutionnel\u00bb. Il s\u2019agit de l\u2019absence de candidats \u00e0 la candidature au rendez-vous [&hellip;]<\/p>\n","protected":false},"author":1743,"featured_media":36746,"comment_status":"closed","ping_status":"closed","sticky":false,"template":"","format":"standard","meta":{"fifu_image_url":"","fifu_image_alt":"","footnotes":""},"categories":[73,53],"tags":[],"class_list":["post-36745","post","type-post","status-publish","format-standard","has-post-thumbnail","hentry","category-actualite","category-algerie"],"_links":{"self":[{"href":"https:\/\/linitiative.ca\/International\/wp-json\/wp\/v2\/posts\/36745","targetHints":{"allow":["GET"]}}],"collection":[{"href":"https:\/\/linitiative.ca\/International\/wp-json\/wp\/v2\/posts"}],"about":[{"href":"https:\/\/linitiative.ca\/International\/wp-json\/wp\/v2\/types\/post"}],"author":[{"embeddable":true,"href":"https:\/\/linitiative.ca\/International\/wp-json\/wp\/v2\/users\/1743"}],"replies":[{"embeddable":true,"href":"https:\/\/linitiative.ca\/International\/wp-json\/wp\/v2\/comments?post=36745"}],"version-history":[{"count":0,"href":"https:\/\/linitiative.ca\/International\/wp-json\/wp\/v2\/posts\/36745\/revisions"}],"wp:featuredmedia":[{"embeddable":true,"href":"https:\/\/linitiative.ca\/International\/wp-json\/"}],"wp:attachment":[{"href":"https:\/\/linitiative.ca\/International\/wp-json\/wp\/v2\/media?parent=36745"}],"wp:term":[{"taxonomy":"category","embeddable":true,"href":"https:\/\/linitiative.ca\/International\/wp-json\/wp\/v2\/categories?post=36745"},{"taxonomy":"post_tag","embeddable":true,"href":"https:\/\/linitiative.ca\/International\/wp-json\/wp\/v2\/tags?post=36745"}],"curies":[{"name":"wp","href":"https:\/\/api.w.org\/{rel}","templated":true}]}}