{"id":36747,"date":"2019-05-26T08:20:15","date_gmt":"2019-05-26T12:20:15","guid":{"rendered":"https:\/\/linitiative.ca\/International\/72-e-edition-du-festival-de-cannes-parasite-les-miserables-antonio-banderas-primes\/"},"modified":"2019-05-26T08:20:15","modified_gmt":"2019-05-26T12:20:15","slug":"72-e-edition-du-festival-de-cannes-parasite-les-miserables-antonio-banderas-primes","status":"publish","type":"post","link":"https:\/\/linitiative.ca\/International\/72-e-edition-du-festival-de-cannes-parasite-les-miserables-antonio-banderas-primes\/","title":{"rendered":"72 e \u00e9dition du Festival de Cannes :\u00a0Parasite, Les mis\u00e9rables, Antonio Banderas prim\u00e9s"},"content":{"rendered":"<h4 class=\"title-14\"\/>\n<div class=\"featured_image\"><img width=\"1000\" height=\"667\" data-cfsrc=\"https:\/\/www.elwatan.com\/wp-content\/uploads\/2019\/05\/Bong-Joon-ho-palme-d-or.jpg\" class=\"attachment-post-thumbnail size-post-thumbnail wp-post-image c1\" alt=\"72 e \u00e9dition du Festival de Cannes :\u00a0Parasite, Les mis\u00e9rables, Antonio Banderas prim\u00e9s\" srcset=\"https:\/\/www.elwatan.com\/wp-content\/uploads\/2019\/05\/Bong-Joon-ho-palme-d-or.jpg 1000w, https:\/\/www.elwatan.com\/wp-content\/uploads\/2019\/05\/Bong-Joon-ho-palme-d-or-300x200.jpg 300w, https:\/\/www.elwatan.com\/wp-content\/uploads\/2019\/05\/Bong-Joon-ho-palme-d-or-768x512.jpg 768w\" sizes=\"(max-width: 1000px) 100vw, 1000px\"\/><noscript><\/p>\n<p><img loading=\"lazy\" decoding=\"async\" width=\"1000\" height=\"667\" src=\"https:\/\/www.elwatan.com\/wp-content\/uploads\/2019\/05\/Bong-Joon-ho-palme-d-or.jpg\" class=\"attachment-post-thumbnail size-post-thumbnail wp-post-image\" alt=\"72 e \u00e9dition du Festival de Cannes :\u00a0Parasite, Les mis\u00e9rables, Antonio Banderas prim\u00e9s\" srcset=\"https:\/\/www.elwatan.com\/wp-content\/uploads\/2019\/05\/Bong-Joon-ho-palme-d-or.jpg 1000w, https:\/\/www.elwatan.com\/wp-content\/uploads\/2019\/05\/Bong-Joon-ho-palme-d-or-300x200.jpg 300w, https:\/\/www.elwatan.com\/wp-content\/uploads\/2019\/05\/Bong-Joon-ho-palme-d-or-768x512.jpg 768w\" sizes=\"auto, (max-width: 1000px) 100vw, 1000px\"\/><\/p>\n<p><\/noscript><\/div>\n<p><em><strong>La 72e \u00e9dition du Festival international du film de Cannes s\u2019est achev\u00e9e avec l\u2019annonce du palmar\u00e8s dont Le jury \u00e9tait pr\u00e9sid\u00e9 par le cin\u00e9aste mexicain Alejandro G. I\u00f1\u00e1rritu. \u00c0 ses c\u00f4t\u00e9s, la jeune actrice Elle Fanning, et les cin\u00e9astes Maimouna N\u2019Diaye, Robin Campillo, Enki Bilal, Alice Rohrwacher, Kelly Reichardt, Pawel Pawlikowski, Yorgos Lanthimos.<\/strong><\/em><\/p>\n<p><span class=\"c5\">La Palme d\u2019or a \u00e9t\u00e9 d\u00e9cern\u00e9e \u00e0 l\u2019unanimit\u00e9 du jury au film \u201cParasite\u201d, \u00a0a pr\u00e9cis\u00e9 son pr\u00e9sident, le cin\u00e9aste mexicain Alejandro Gonzalez I\u00f1arritu. \u201cNous avons \u00e9t\u00e9 fascin\u00e9s pas le film de Bong Joon-ho et cette fascination a continu\u00e9 \u00e0 cro\u00eetre au fil des jours, d\u2019o\u00f9 notre unanimit\u00e9\u201d, a-t-il d\u00e9velopp\u00e9 en conf\u00e9rence de presse, saluant \u00e9galement la grande efficacit\u00e9 du film.<\/span><\/p>\n<p><span class=\"c5\">\u201cParasite\u201d, drame familial magistral m\u00e2tin\u00e9 de thriller du Sud-Cor\u00e9en Bong Joon-ho, a ravi Cannes. Ce long m\u00e9trage \u00a0qui d\u00e9peint la violence des in\u00e9galit\u00e9s sociales avec une grande ma\u00eetrise formelle. Toute la famille de Ki-taek est au ch\u00f4mage, et s\u2019int\u00e9resse fortement au train de vie de la richissime famille Park. Un jour, leur fils r\u00e9ussit \u00e0 se faire recommander pour donner des cours particuliers d\u2019anglais chez les Park. C\u2019est le d\u00e9but d\u2019un engrenage incontr\u00f4lable, dont personne ne sortira v\u00e9ritablement indemn. \u201cMerci beaucoup. Je suis tr\u00e8s honor\u00e9, j\u2019ai toujours \u00e9t\u00e9 tr\u00e8s inspir\u00e9 par le cin\u00e9ma fran\u00e7ais, je remercie Henri-Georges Clouzot et Claude Chabrol\u201d, a comment\u00e9 le cin\u00e9aste sud cor\u00e9en en recevant la palme d\u00b4or.<\/span><\/p>\n<p><span class=\"c5\">La Franco-S\u00e9n\u00e9galaise Mati Diop \u00e9t\u00e9 r\u00e9compens\u00e9e du Grand Prix pour son film \u201cAtlantique\u201d samedi soir lors de cette \u00e9dition du Festival de Cannes. \u201cJ\u2019en reviens pas\u201d, \u201cc\u2019est un peu fou ce que vous avez fait\u201d, a r\u00e9agi la r\u00e9alisatrice qui avec \u201cAtlantique\u201d, signe une fable \u00e0 la fois politique et onirique sur le sort des migrants et la jeunesse de Dakar, histoire d\u2019exil et de fant\u00f4mes \u00e0 l\u2019esth\u00e9tique soign\u00e9e, teint\u00e9e de fantastique et de po\u00e9sie.<\/span><\/p>\n<p><span class=\"c5\">L\u2019acteur espagnol a \u00e9t\u00e9 r\u00e9compens\u00e9 pour son r\u00f4le dans \u201cDouleur et Gloire\u201d. A 58 ans, Banderas vient de remporter le prix d\u2019interpr\u00e9tation masculine pour son huiti\u00e8me film dirig\u00e9 par son compatriote Pedro Almodovar, dans lequel il incarne un r\u00e9alisateur plong\u00e9 dans la d\u00e9pression. \u201cCe soir, c\u2019est mon soir de gloire\u201d, a d\u00e9clar\u00e9 l\u2019acteur sur sc\u00e8ne. Banderas a rendu un vibrant \u00a0hommage \u00e0 Pedro Almodovar qui a particip\u00e9 \u00e0 six reprises en section officielle dans ce prestigieux festival. \u201cJe le respecte, je l\u2019admire, je l\u2019aime, c\u2019est mon mentor, et il m\u2019a tellement donn\u00e9 que cette r\u00e9compense doit lui \u00eatre d\u00e9di\u00e9e\u201d, a-t-il ajout\u00e9.<\/span><\/p>\n<p><span class=\"c5\">L\u2019actrice anglo-am\u00e9ricaine Emily Beecham a d\u00e9croch\u00e9 le prix d\u2019interpr\u00e9tation f\u00e9minine pour r\u00f4le \u00a0dans \u201cLittle Joe\u201d de Jessica Hausner, dans lequel elle incarne une scientifique obsessionnelle et borderline. \u201cJ\u2019ai re\u00e7u un coup de fil ce matin, j\u2019ai vite fait ma valise, mais j\u2019ai oubli\u00e9 ma brosse \u00e0 dents !\u201d, a d\u00e9clar\u00e9 la com\u00e9dienne de 35 ans en recevant son prix des mains de l\u2019acteur Reda Kateb.<\/span><\/p>\n<p><span class=\"c5\">Les Mis\u00e9rables\u201d du fran\u00e7ais Ladj Ly et \u201cBacurau\u201d ex-aequo, des Br\u00e9siliens Kleber Mendon\u00e7a Filho et Juliano Dornelles se sont vus d\u00e9cerner le Prix du jury.<\/span><\/p>\n<p><span class=\"c5\">\u201cJe d\u00e9die ce film \u00e0 tous les mis\u00e9rables de France et d\u2019ailleurs. Mon film parle des rapports entre les diff\u00e9rentes communaut\u00e9s dans ce territoire\u201d.<\/span><\/p>\n<p><span class=\"c5\">Egalement prim\u00e9 par le jury pr\u00e9sid\u00e9 par Alejandro Gonzalez I\u00f1arritu, \u201cBacurau\u201d. un \u00a0qui raconte l\u2019histoire du village imaginaire de Bacurau, dans le Sertao br\u00e9silien (r\u00e9gion semi-aride et tr\u00e8s pauvre du Nord-Est), frapp\u00e9 par des ph\u00e9nom\u00e8nes \u00e9tranges.<\/span><\/p>\n<p><span class=\"c5\">Les fr\u00e8res Dardenne ont re\u00e7u le prix de la mise en sc\u00e8ne pour \u201cLe jeune Ahmed\u201d, sur un adolescent radicalis\u00e9. \u201cMerci au jury pour cette r\u00e9compense pour ce film, qu\u2019on a voulu comme une ode \u00e0 la vie\u201d, a d\u00e9clar\u00e9 Luc Dardenne en recevant ce prix, aupr\u00e8s de son fr\u00e8re Jean-Pierre.<\/span><\/p>\n<p><span class=\"c5\">\u201cNuestras madres\u201d du Guat\u00e9malt\u00e8que C\u00e9sar Diaz, sur les disparus pendant la guerre civile dans son pays, a re\u00e7u la Cam\u00e9ra d\u2019or,. \u201cJe veux d\u00e9dier ce prix aux 250.000 victimes du g\u00e9nocide guat\u00e9malt\u00e8que et \u00e0 ces femmes surtout qui restent debout\u201d, a d\u00e9clar\u00e9 C\u00e9sar Diaz, en recevant son prix.<\/span><\/p>\n<p><span class=\"c5\">La r\u00e9alisatrice Fran\u00e7aise C\u00e9line Sciamma a \u00e9t\u00e9 r\u00e9compens\u00e9e du meilleur sc\u00e9nario pour son film \u201cPortrait de la jeune fille en feu\u201d, une histoire qui raconte avec pudeur une histoire d\u2019amour interdite entre une peintre et sa jeune mod\u00e8le, aux destins oppos\u00e9s, dans un XVIIIe si\u00e8cle corset\u00e9.<\/span><\/p>\n<div class=\"yuzo_related_post style-1\" data-version=\"5.12.88\">\n<p><h3>Related Post<\/h3>\n<\/p>\n<div class=\"yuzo_wraps\">\n<div class=\"relatedthumb relatedpost-154146 c12\"><a href=\"https:\/\/www.elwatan.com\/edition\/actualite\/centres-pour-personnes-agees-mise-en-garde-contre-une-surcharge-dici-2020-07-10-2018\"\/><\/p>\n<p><span class=\"yuzo__text--title c11\">Centres pour personnes \u00e2g\u00e9es : Mise en garde contr&#8230;<\/span><\/div>\n<div class=\"relatedthumb relatedpost-498534 c12\"><a href=\"https:\/\/www.elwatan.com\/pages-hebdo\/france-actu\/le-hcr-sinquiete-des-disparitions-en-mediterranee-08-01-2019\"\/><\/p>\n<p><span class=\"yuzo__text--title c11\">R\u00e9fugi\u00e9s : Le HCR s\u2019inqui\u00e8te des disparitions en M&#8230;<\/span><\/div>\n<div class=\"relatedthumb relatedpost-485512 c12\"><a href=\"https:\/\/www.elwatan.com\/edition\/actualite\/malgre-les-assurances-de-benghebrit-les-syndicats-maintiennent-la-pression-06-01-2019\"\/><\/p>\n<p><span class=\"yuzo__text--title c11\">Malgr\u00e9 les assurances de Benghebrit : Les syndicat&#8230;<\/span><\/div>\n<div class=\"relatedthumb relatedpost-145794 c12\"><a href=\"https:\/\/www.elwatan.com\/edition\/culture\/lancement-du-festival-lete-en-poesie-et-en-musique-26-08-2018\"\/><\/p>\n<p><span class=\"yuzo__text--title c11\">Lancement du festival \u00abL\u2019\u00e9t\u00e9 en po\u00e9sie et en musiq&#8230;<\/span><\/div>\n<\/div>\n<\/div>\n<p><span class=\"post-views-label\">Post Views:<\/span> <span class=\"post-views-count\">100<\/span><\/p>\n<p>Auteur: Mohand Yahiaoui<br \/>\n<a href=\"https:\/\/www.elwatan.com\/edition\/culture\/72-e-edition-du-festival-de-cannes-parasite-les-miserables-antonio-banderas-primes-26-05-2019\">Cliquez ici pour lire l&rsquo;article depuis sa source.<\/a><\/p>\n","protected":false},"excerpt":{"rendered":"<p>La 72e \u00e9dition du Festival international du film de Cannes s\u2019est achev\u00e9e avec l\u2019annonce du palmar\u00e8s dont Le jury \u00e9tait pr\u00e9sid\u00e9 par le cin\u00e9aste mexicain Alejandro G. I\u00f1\u00e1rritu. \u00c0 ses c\u00f4t\u00e9s, la jeune actrice Elle Fanning, et les cin\u00e9astes Maimouna N\u2019Diaye, Robin Campillo, Enki Bilal, Alice Rohrwacher, Kelly Reichardt, Pawel Pawlikowski, Yorgos Lanthimos. La Palme [&hellip;]<\/p>\n","protected":false},"author":1743,"featured_media":36748,"comment_status":"closed","ping_status":"closed","sticky":false,"template":"","format":"standard","meta":{"fifu_image_url":"","fifu_image_alt":"","footnotes":""},"categories":[73,53],"tags":[],"class_list":["post-36747","post","type-post","status-publish","format-standard","has-post-thumbnail","hentry","category-actualite","category-algerie"],"_links":{"self":[{"href":"https:\/\/linitiative.ca\/International\/wp-json\/wp\/v2\/posts\/36747","targetHints":{"allow":["GET"]}}],"collection":[{"href":"https:\/\/linitiative.ca\/International\/wp-json\/wp\/v2\/posts"}],"about":[{"href":"https:\/\/linitiative.ca\/International\/wp-json\/wp\/v2\/types\/post"}],"author":[{"embeddable":true,"href":"https:\/\/linitiative.ca\/International\/wp-json\/wp\/v2\/users\/1743"}],"replies":[{"embeddable":true,"href":"https:\/\/linitiative.ca\/International\/wp-json\/wp\/v2\/comments?post=36747"}],"version-history":[{"count":0,"href":"https:\/\/linitiative.ca\/International\/wp-json\/wp\/v2\/posts\/36747\/revisions"}],"wp:featuredmedia":[{"embeddable":true,"href":"https:\/\/linitiative.ca\/International\/wp-json\/"}],"wp:attachment":[{"href":"https:\/\/linitiative.ca\/International\/wp-json\/wp\/v2\/media?parent=36747"}],"wp:term":[{"taxonomy":"category","embeddable":true,"href":"https:\/\/linitiative.ca\/International\/wp-json\/wp\/v2\/categories?post=36747"},{"taxonomy":"post_tag","embeddable":true,"href":"https:\/\/linitiative.ca\/International\/wp-json\/wp\/v2\/tags?post=36747"}],"curies":[{"name":"wp","href":"https:\/\/api.w.org\/{rel}","templated":true}]}}