{"id":36749,"date":"2019-05-26T09:17:15","date_gmt":"2019-05-26T13:17:15","guid":{"rendered":"https:\/\/linitiative.ca\/International\/election-presidentielle-du-4-juillet-deux-dossiers-de-candidature-deposes-au-conseil-constitutionnel\/"},"modified":"2019-05-26T09:17:15","modified_gmt":"2019-05-26T13:17:15","slug":"election-presidentielle-du-4-juillet-deux-dossiers-de-candidature-deposes-au-conseil-constitutionnel","status":"publish","type":"post","link":"https:\/\/linitiative.ca\/International\/election-presidentielle-du-4-juillet-deux-dossiers-de-candidature-deposes-au-conseil-constitutionnel\/","title":{"rendered":"\u00c9lection pr\u00e9sidentielle du 4 juillet : Deux dossiers de candidature d\u00e9pos\u00e9s au Conseil constitutionnel"},"content":{"rendered":"<h4 class=\"title-14\"\/>\n<div class=\"featured_image\"><img width=\"787\" height=\"355\" data-cfsrc=\"https:\/\/www.elwatan.com\/wp-content\/uploads\/2019\/05\/CC-1.jpg\" class=\"attachment-post-thumbnail size-post-thumbnail wp-post-image c1\" alt=\"\" srcset=\"https:\/\/www.elwatan.com\/wp-content\/uploads\/2019\/05\/CC-1.jpg 787w, https:\/\/www.elwatan.com\/wp-content\/uploads\/2019\/05\/CC-1-300x135.jpg 300w, https:\/\/www.elwatan.com\/wp-content\/uploads\/2019\/05\/CC-1-768x346.jpg 768w\" sizes=\"(max-width: 787px) 100vw, 787px\"\/><noscript><\/p>\n<p><img loading=\"lazy\" decoding=\"async\" width=\"787\" height=\"355\" src=\"https:\/\/www.elwatan.com\/wp-content\/uploads\/2019\/05\/CC-1.jpg\" class=\"attachment-post-thumbnail size-post-thumbnail wp-post-image\" alt=\"\" srcset=\"https:\/\/www.elwatan.com\/wp-content\/uploads\/2019\/05\/CC-1.jpg 787w, https:\/\/www.elwatan.com\/wp-content\/uploads\/2019\/05\/CC-1-300x135.jpg 300w, https:\/\/www.elwatan.com\/wp-content\/uploads\/2019\/05\/CC-1-768x346.jpg 768w\" sizes=\"auto, (max-width: 787px) 100vw, 787px\"\/><\/p>\n<p><\/noscript><\/div>\n<p>Deux dossiers de candidature \u00e0 l\u2019\u00e9lection pr\u00e9sidentielle pr\u00e9vue le 4 juillet prochain ont \u00e9t\u00e9 d\u00e9pos\u00e9s, hier samedi, au niveau du Conseil Constitutionnel.<\/p>\n<p>Il s\u2019agit des dossiers de candidature de MM Abdelhakim Hemadi et Hamid Touahri, selon un communiqu\u00e9 du Conseil constitutionnel.<\/p>\n<p>Pour rappel, le d\u00e9lai de d\u00e9p\u00f4t des <a href=\"https:\/\/www.elwatan.com\/a-la-une\/organisation-de-la-presidentielle-du-4-juillet-prochain-un-autre-rendez-vous-manque-26-05-2019\">dossiers de candidature<\/a> \u00e0 l\u2019\u00e9lection pr\u00e9sidentielle du 4 juillet, <a href=\"https:\/\/www.elwatan.com\/edition\/actualite\/des-centaines-de-milliers-de-manifestants-a-alger-gaid-salah-degage-24-05-2019\">rejet\u00e9e massivement par les Alg\u00e9riens<\/a>, a expir\u00e9 hier \u00e0 minuit.<\/p>\n<div class=\"yuzo_related_post style-1\" data-version=\"5.12.88\">\n<p><h3>Related Post<\/h3>\n<\/p>\n<div class=\"yuzo_wraps\">\n<div class=\"relatedthumb relatedpost-331328 c11\"><a href=\"https:\/\/www.elwatan.com\/edition\/actualite\/mouwatana-la-prolongation-du-mandat-presidentiel-est-un-attentat-a-la-morale-16-12-2018\"\/><\/p>\n<p><span class=\"yuzo__text--title c10\">Mouwatana : \u00ab La prolongation du mandat pr\u00e9sidenti&#8230;<\/span><\/div>\n<div class=\"relatedthumb relatedpost-576877 c11\"><a href=\"https:\/\/www.elwatan.com\/edition\/actualite\/discours-de-bensalah-le-pouvoir-mise-sur-lelection-presidentielle-05-05-2019\"\/><\/p>\n<p><span class=\"yuzo__text--title c10\">Discours de Bensalah : Le pouvoir mise sur l\u2019\u00e9lect&#8230;<\/span><\/div>\n<div class=\"relatedthumb relatedpost-560075 c11\"><a href=\"https:\/\/www.elwatan.com\/a-la-une\/apres-les-marches-de-protestation-du-22-fevrier-jusquou-ira-la-mobilisation-24-02-2019\"\/><\/p>\n<p><span class=\"yuzo__text--title c10\">Apr\u00e8s les marches de protestation du 22 f\u00e9vrier : &#8230;<\/span><\/div>\n<div class=\"relatedthumb relatedpost-554375 c11\"><a href=\"https:\/\/www.elwatan.com\/edition\/actualite\/presidentielle-le-candidat-du-mds-fethi-ghares-entame-les-demarches-administratives-21-01-2019\"\/><\/p>\n<p><span class=\"yuzo__text--title c10\">Pr\u00e9sidentielle : Le candidat du MDS Fethi Ghares &#8230;<\/span><\/div>\n<\/div>\n<\/div>\n<p><span class=\"post-views-label\">Post Views:<\/span> <span class=\"post-views-count\">779<\/span><\/p>\n<p>Auteur: Farouk Djouadi<br \/>\n<a href=\"https:\/\/www.elwatan.com\/edition\/actualite\/election-presidentielle-du-4-juillet-deux-dossiers-de-candidature-deposes-au-conseil-constitutionnel-26-05-2019\">Cliquez ici pour lire l&rsquo;article depuis sa source.<\/a><\/p>\n","protected":false},"excerpt":{"rendered":"<p>Deux dossiers de candidature \u00e0 l\u2019\u00e9lection pr\u00e9sidentielle pr\u00e9vue le 4 juillet prochain ont \u00e9t\u00e9 d\u00e9pos\u00e9s, hier samedi, au niveau du Conseil Constitutionnel. Il s\u2019agit des dossiers de candidature de MM Abdelhakim Hemadi et Hamid Touahri, selon un communiqu\u00e9 du Conseil constitutionnel. Pour rappel, le d\u00e9lai de d\u00e9p\u00f4t des dossiers de candidature \u00e0 l\u2019\u00e9lection pr\u00e9sidentielle du [&hellip;]<\/p>\n","protected":false},"author":1743,"featured_media":36750,"comment_status":"closed","ping_status":"closed","sticky":false,"template":"","format":"standard","meta":{"fifu_image_url":"","fifu_image_alt":"","footnotes":""},"categories":[73,53],"tags":[],"class_list":["post-36749","post","type-post","status-publish","format-standard","has-post-thumbnail","hentry","category-actualite","category-algerie"],"_links":{"self":[{"href":"https:\/\/linitiative.ca\/International\/wp-json\/wp\/v2\/posts\/36749","targetHints":{"allow":["GET"]}}],"collection":[{"href":"https:\/\/linitiative.ca\/International\/wp-json\/wp\/v2\/posts"}],"about":[{"href":"https:\/\/linitiative.ca\/International\/wp-json\/wp\/v2\/types\/post"}],"author":[{"embeddable":true,"href":"https:\/\/linitiative.ca\/International\/wp-json\/wp\/v2\/users\/1743"}],"replies":[{"embeddable":true,"href":"https:\/\/linitiative.ca\/International\/wp-json\/wp\/v2\/comments?post=36749"}],"version-history":[{"count":0,"href":"https:\/\/linitiative.ca\/International\/wp-json\/wp\/v2\/posts\/36749\/revisions"}],"wp:featuredmedia":[{"embeddable":true,"href":"https:\/\/linitiative.ca\/International\/wp-json\/"}],"wp:attachment":[{"href":"https:\/\/linitiative.ca\/International\/wp-json\/wp\/v2\/media?parent=36749"}],"wp:term":[{"taxonomy":"category","embeddable":true,"href":"https:\/\/linitiative.ca\/International\/wp-json\/wp\/v2\/categories?post=36749"},{"taxonomy":"post_tag","embeddable":true,"href":"https:\/\/linitiative.ca\/International\/wp-json\/wp\/v2\/tags?post=36749"}],"curies":[{"name":"wp","href":"https:\/\/api.w.org\/{rel}","templated":true}]}}