{"id":36751,"date":"2019-05-26T09:36:20","date_gmt":"2019-05-26T13:36:20","guid":{"rendered":"https:\/\/linitiative.ca\/International\/les-dossiers-de-12-anciens-responsables-dont-ouyahia-et-sellal-transmis-a-la-cour-supreme\/"},"modified":"2019-05-26T09:36:20","modified_gmt":"2019-05-26T13:36:20","slug":"les-dossiers-de-12-anciens-responsables-dont-ouyahia-et-sellal-transmis-a-la-cour-supreme","status":"publish","type":"post","link":"https:\/\/linitiative.ca\/International\/les-dossiers-de-12-anciens-responsables-dont-ouyahia-et-sellal-transmis-a-la-cour-supreme\/","title":{"rendered":"Les dossiers de 12 anciens responsables, dont Ouyahia et Sellal transmis \u00e0 la Cour supr\u00eame"},"content":{"rendered":"<h4 class=\"title-14\"\/>\n<div class=\"featured_image\"><img width=\"800\" height=\"604\" data-cfsrc=\"https:\/\/www.elwatan.com\/wp-content\/uploads\/2018\/11\/ouyahia-e1543613760466.gif\" class=\"attachment-post-thumbnail size-post-thumbnail wp-post-image c1\" alt=\"Tout en les exhortant \u00e0 ma\u00eetriser les r\u00e9seaux sociaux : Ouyahia met en garde les walis\u2026\"\/><noscript><\/p>\n<p><img loading=\"lazy\" decoding=\"async\" width=\"800\" height=\"604\" src=\"https:\/\/www.elwatan.com\/wp-content\/uploads\/2018\/11\/ouyahia-e1543613760466.gif\" class=\"attachment-post-thumbnail size-post-thumbnail wp-post-image\" alt=\"Tout en les exhortant \u00e0 ma\u00eetriser les r\u00e9seaux sociaux : Ouyahia met en garde les walis\u2026\"\/><\/p>\n<p><\/noscript> <span class=\"featured-image-caption\">Les walis ont \u00e9t\u00e9 instruits de privil\u00e9gier l\u2019usage des r\u00e9seaux sociaux et d\u2019\u0153uvrer \u00e0 encourager les investissements priv\u00e9s (Photo : Ly\u00e8s Habbache)<\/span><\/div>\n<p>Le Parquet g\u00e9n\u00e9ral pr\u00e8s la Cour d\u2019Alger a transmis, dimanche, au Procureur g\u00e9n\u00e9ral pr\u00e8s la Cour supr\u00eame le dossier d\u2019enqu\u00eate pr\u00e9liminaire instruite par la Gendarmerie nationale, \u00e0 l\u2019encontre de 12 anciens responsables, dont les deux ex-Premiers ministres, Ahmed Ouyahia et Abdelmalek Sellal, qui b\u00e9n\u00e9ficient de la r\u00e8gle du privil\u00e8ge de juridiction, indique un communiqu\u00e9 du parquet g\u00e9n\u00e9ral.<\/p>\n<p>\u201cEn application des dispositions de l\u2019article 573 du code de proc\u00e9dure p\u00e9nale, le parquet g\u00e9n\u00e9ral pr\u00e8s la Cour d\u2019Alger a transmis, ce jour le 26 mai 2019, \u00e0 monsieur le procureur g\u00e9n\u00e9ral pr\u00e8s la Cour supr\u00eame, le dossier d\u2019enqu\u00eate pr\u00e9liminaire instruite par la police judiciaire de la gendarmerie nationale d\u2019Alger, pour des faits \u00e0 caract\u00e8re p\u00e9nal, \u00e0 l\u2019encontre des nomm\u00e9s: Zaalane Abdelghani, Tou Amar, Tala\u00ef Boudjemaa, Ghoul Amar, Benyounes Amara, Bouazgui Abdelkader, Djoudi Karim, Bouchouareb Abdesslam, Zoukh abdelkader, Khanfar Mohamed Djamel, Sellal Abdelmalek et Ouyahia Ahmed\u201d, pr\u00e9cise la m\u00eame source.<\/p>\n<p>\u201cLes sus nomm\u00e9s en raison de leurs fonctions au moment des faits b\u00e9n\u00e9ficient de la r\u00e8gle du privil\u00e8ge de juridiction consacr\u00e9e par le texte de loi sus-cit\u00e9\u201d, ajoute le communiqu\u00e9.<\/p>\n<div class=\"yuzo_related_post style-1\" data-version=\"5.12.88\">\n<p><h3>Related Post<\/h3>\n<\/p>\n<div class=\"yuzo_wraps\">\n<div class=\"relatedthumb relatedpost-376912 c11\"><a href=\"https:\/\/www.elwatan.com\/edition\/culture\/jijel-abdelmadjid-merdaci-plaide-pour-la-sortie-des-occultations-25-12-2018\"\/><\/p>\n<p><span class=\"yuzo__text--title c10\">Jijel :\u00a0Abdelmadjid Merdaci plaide pour la sortie &#8230;<\/span><\/div>\n<div class=\"relatedthumb relatedpost-510360 c11\"><a href=\"https:\/\/www.elwatan.com\/edition\/actualite\/ain-defla-deux-morts-et-11-blesses-dans-un-carambolage-09-01-2019\"\/><\/p>\n<p><span class=\"yuzo__text--title c10\">Ain Defla : deux morts et 11 bless\u00e9s dans un caram&#8230;<\/span><\/div>\n<div class=\"relatedthumb relatedpost-565545 c11\"><a href=\"https:\/\/www.elwatan.com\/edition\/international\/proche-orient-le-califat-de-daech-elimine-24-03-2019\"\/><\/p>\n<p><span class=\"yuzo__text--title c10\">Proche-Orient : Le \u00abcalifat\u00bb de Daech \u00e9limin\u00e9<\/span><\/div>\n<div class=\"relatedthumb relatedpost-559357 c11\"><a href=\"https:\/\/www.elwatan.com\/edition\/actualite\/les-partisans-du-5e-mandat-en-campagne-et-largement-couverts-par-lentv-ou-est-linstance-de-abdelwahab-derbal-20-02-2019\"\/><\/p>\n<p><span class=\"yuzo__text--title c10\">Les partisans du 5e mandat en campagne et largemen&#8230;<\/span><\/div>\n<\/div>\n<\/div>\n<p><span class=\"post-views-label\">Post Views:<\/span> <span class=\"post-views-count\">2\u00a0991<\/span><\/p>\n<p>Auteur: Mourad Hachid<br \/>\n<a href=\"https:\/\/www.elwatan.com\/edition\/actualite\/les-dossier-de-12-anciens-responsables-dont-ouyahia-et-sellal-transmis-a-la-cour-supreme-26-05-2019\">Cliquez ici pour lire l&rsquo;article depuis sa source.<\/a><\/p>\n","protected":false},"excerpt":{"rendered":"<p>Les walis ont \u00e9t\u00e9 instruits de privil\u00e9gier l\u2019usage des r\u00e9seaux sociaux et d\u2019\u0153uvrer \u00e0 encourager les investissements priv\u00e9s (Photo : Ly\u00e8s Habbache) Le Parquet g\u00e9n\u00e9ral pr\u00e8s la Cour d\u2019Alger a transmis, dimanche, au Procureur g\u00e9n\u00e9ral pr\u00e8s la Cour supr\u00eame le dossier d\u2019enqu\u00eate pr\u00e9liminaire instruite par la Gendarmerie nationale, \u00e0 l\u2019encontre de 12 anciens responsables, dont [&hellip;]<\/p>\n","protected":false},"author":1743,"featured_media":36752,"comment_status":"closed","ping_status":"closed","sticky":false,"template":"","format":"standard","meta":{"fifu_image_url":"","fifu_image_alt":"","footnotes":""},"categories":[73,53],"tags":[],"class_list":["post-36751","post","type-post","status-publish","format-standard","has-post-thumbnail","hentry","category-actualite","category-algerie"],"_links":{"self":[{"href":"https:\/\/linitiative.ca\/International\/wp-json\/wp\/v2\/posts\/36751","targetHints":{"allow":["GET"]}}],"collection":[{"href":"https:\/\/linitiative.ca\/International\/wp-json\/wp\/v2\/posts"}],"about":[{"href":"https:\/\/linitiative.ca\/International\/wp-json\/wp\/v2\/types\/post"}],"author":[{"embeddable":true,"href":"https:\/\/linitiative.ca\/International\/wp-json\/wp\/v2\/users\/1743"}],"replies":[{"embeddable":true,"href":"https:\/\/linitiative.ca\/International\/wp-json\/wp\/v2\/comments?post=36751"}],"version-history":[{"count":0,"href":"https:\/\/linitiative.ca\/International\/wp-json\/wp\/v2\/posts\/36751\/revisions"}],"wp:featuredmedia":[{"embeddable":true,"href":"https:\/\/linitiative.ca\/International\/wp-json\/"}],"wp:attachment":[{"href":"https:\/\/linitiative.ca\/International\/wp-json\/wp\/v2\/media?parent=36751"}],"wp:term":[{"taxonomy":"category","embeddable":true,"href":"https:\/\/linitiative.ca\/International\/wp-json\/wp\/v2\/categories?post=36751"},{"taxonomy":"post_tag","embeddable":true,"href":"https:\/\/linitiative.ca\/International\/wp-json\/wp\/v2\/tags?post=36751"}],"curies":[{"name":"wp","href":"https:\/\/api.w.org\/{rel}","templated":true}]}}