{"id":36756,"date":"2019-05-26T06:00:00","date_gmt":"2019-05-26T10:00:00","guid":{"rendered":"https:\/\/linitiative.ca\/International\/la-magie-du-fado-avec-claudia-leal\/"},"modified":"2019-05-26T06:00:00","modified_gmt":"2019-05-26T10:00:00","slug":"la-magie-du-fado-avec-claudia-leal","status":"publish","type":"post","link":"https:\/\/linitiative.ca\/International\/la-magie-du-fado-avec-claudia-leal\/","title":{"rendered":"La magie du fado avec Claudia Leal"},"content":{"rendered":"<p>Un concert de musique fado, oscillant entre musique traditionnelle et compositions contemporaines, a \u00e9t\u00e9 anim\u00e9, \u00e0 Alger, par la chanteuse portugaise Claudia Leal, devant un public tr\u00e8s nombreux.\u00a0<br \/>Le concert, qui s\u2019est d\u00e9roul\u00e9 \u00e0 la salle Ibn-Zeydoun de l&rsquo;Office Riadh El-Feth,\u00a0 repr\u00e9sente le Portugal au 20e Festival culturel europ\u00e9en, ouvert le 10 mai dernier par un concert de Djamel Laroussi et la Chorale du vivre-ensemble \u00e0 l\u2019op\u00e9ra d\u2019Alger Boualem-Bessaih.\u00a0<br \/>Avec sa voix m\u00e9lancolique, puissante et souvent apaisante, Claudia Leal a r\u00e9ussi \u00e0 enivrer l\u2019assistance\u00a0 \u00a0par des textes de fado classique, une musique populaire inscrite par l\u2019Unesco au patrimoine culturel\u00a0 immat\u00e9riel de l\u2019humanit\u00e9 en 2011.\u00a0<br \/>Claudia Leal, interpr\u00e8te, auteure, compositrice et guitariste, a pr\u00e9sent\u00e9 au public\u00a0 alg\u00e9rien et aux nombreux \u00e9trangers pr\u00e9sents des titres de ses albums Fado vida (la vie fado) et Quarto crescente\u00a0 (croissant de lune), accompagn\u00e9e d&rsquo;une guitare classique et d&rsquo;une guitare portugaise (instrument \u00e0 cordes pinc\u00e9es, proche de la mandoline).<br \/>Alternant douceur et esprit festif, dans un jeu nuanc\u00e9, entre lenteur et rythmes soutenus, l\u2019artiste a chant\u00e9 du fado classique et des morceaux de sa propre cr\u00e9ation, tr\u00e8s appr\u00e9ci\u00e9s par le public.\u00a0<br \/>Inaugur\u00e9 le 10 mai, le 20e Festival culturel europ\u00e9en se poursuit jusqu\u2019au\u00a0 \u00a0 \u00a0 \u00a0 27 mai \u00e0 la salle Ibn-Zeydoun \u00e0 Alger avec, encore, deux concerts de musique. La soir\u00e9e d\u2019aujourd\u2019hui (dimanche 26 mai \u00e0 partir de 22h30) sera anim\u00e9e par l\u2019ensemble Source Pure de Hongrie. La soir\u00e9e de cl\u00f4ture du 20e Festival culturel europ\u00e9en en Alg\u00e9rie, pr\u00e9vue demain lundi, \u00e0 la m\u00eame heure, \u00e0 la salle Ibn-Zeydoun toujours, sera anim\u00e9e par Maya Youssef et son trio.<br \/>Seize pays dont la Bulgarie, la Croatie, l&rsquo;Italie, la Roumanie et l\u2019Espagne animent le 20e Festival culturel europ\u00e9en en Alg\u00e9rie.\u00a0\u00a0<br \/>Kader B.<\/p>\n<p>Auteur:<br \/>\n<a href=\"https:\/\/www.lesoirdalgerie.com\/culture\/la-magie-du-fado-avec-claudia-leal-24429\">Cliquez ici pour lire l&rsquo;article depuis sa source.<\/a><\/p>\n","protected":false},"excerpt":{"rendered":"<p>Un concert de musique fado, oscillant entre musique traditionnelle et compositions contemporaines, a \u00e9t\u00e9 anim\u00e9, \u00e0 Alger, par la chanteuse portugaise Claudia Leal, devant un public tr\u00e8s nombreux.\u00a0Le concert, qui s\u2019est d\u00e9roul\u00e9 \u00e0 la salle Ibn-Zeydoun de l&rsquo;Office Riadh El-Feth,\u00a0 repr\u00e9sente le Portugal au 20e Festival culturel europ\u00e9en, ouvert le 10 mai dernier par un [&hellip;]<\/p>\n","protected":false},"author":1741,"featured_media":0,"comment_status":"closed","ping_status":"closed","sticky":false,"template":"","format":"standard","meta":{"fifu_image_url":"","fifu_image_alt":"","footnotes":""},"categories":[73,53],"tags":[],"class_list":["post-36756","post","type-post","status-publish","format-standard","hentry","category-actualite","category-algerie"],"_links":{"self":[{"href":"https:\/\/linitiative.ca\/International\/wp-json\/wp\/v2\/posts\/36756","targetHints":{"allow":["GET"]}}],"collection":[{"href":"https:\/\/linitiative.ca\/International\/wp-json\/wp\/v2\/posts"}],"about":[{"href":"https:\/\/linitiative.ca\/International\/wp-json\/wp\/v2\/types\/post"}],"author":[{"embeddable":true,"href":"https:\/\/linitiative.ca\/International\/wp-json\/wp\/v2\/users\/1741"}],"replies":[{"embeddable":true,"href":"https:\/\/linitiative.ca\/International\/wp-json\/wp\/v2\/comments?post=36756"}],"version-history":[{"count":0,"href":"https:\/\/linitiative.ca\/International\/wp-json\/wp\/v2\/posts\/36756\/revisions"}],"wp:attachment":[{"href":"https:\/\/linitiative.ca\/International\/wp-json\/wp\/v2\/media?parent=36756"}],"wp:term":[{"taxonomy":"category","embeddable":true,"href":"https:\/\/linitiative.ca\/International\/wp-json\/wp\/v2\/categories?post=36756"},{"taxonomy":"post_tag","embeddable":true,"href":"https:\/\/linitiative.ca\/International\/wp-json\/wp\/v2\/tags?post=36756"}],"curies":[{"name":"wp","href":"https:\/\/api.w.org\/{rel}","templated":true}]}}