{"id":36757,"date":"2019-05-26T06:00:00","date_gmt":"2019-05-26T10:00:00","guid":{"rendered":"https:\/\/linitiative.ca\/International\/le-retour-de-kamel-ferrad\/"},"modified":"2019-05-26T06:00:00","modified_gmt":"2019-05-26T10:00:00","slug":"le-retour-de-kamel-ferrad","status":"publish","type":"post","link":"https:\/\/linitiative.ca\/International\/le-retour-de-kamel-ferrad\/","title":{"rendered":"Le retour de Kamel Ferrad"},"content":{"rendered":"<p>Le coup d\u2019envoi a \u00e9t\u00e9 donn\u00e9 dans la nuit de mardi dernier aux Journ\u00e9es du monologue et du rire avec la pr\u00e9sentation du spectacle Tag hena tag lehihe, de Kamel Ferrad, \u00e0 l\u2019ancienne placette de la commune d\u2019El-Milia, par la directrice de la culture, Salima Gaoua, en pr\u00e9sence du public.<br \/>Organis\u00e9e par la direction de la culture en coordination avec l\u2019Association culturelle des arts et du th\u00e9\u00e2tre sous le patronage du minist\u00e8re de la Culture et du wali, cette manifestation culturelle qui s\u2019est \u00e9tal\u00e9e\u00a0 du 21 au 25 mai a compris des spectacles et des shows de rire chaque soir avec Mourad Saouali de la wilaya de S\u00e9tif, Moufida Adess de Guelma, Saber Ayache de Constantine et des com\u00e9diens locaux tels Nabih Boucha\u00efr, Djamel Tebibel, Nouri Zouikri, dira Salima Gaoua. Celle-ci a soulign\u00e9, par ailleurs, que c\u2019est la premi\u00e8re fois que les Journ\u00e9es du monologue et du rire sont organis\u00e9es dans la commune d\u2019El-Milia pour animer les nuits de cette importante commune. Notons que cette \u00e9dition a permis de retrouver le com\u00e9dien Kamel Ferrad, de retour sur sc\u00e8ne, l\u2019une des plus anciennes figures du th\u00e9\u00e2tre local.\u00a0<br \/>Bouhali Mohammed-Cherif\u00a0<\/p>\n<p>Auteur:<br \/>\n<a href=\"https:\/\/www.lesoirdalgerie.com\/culture\/le-retour-de-kamel-ferrad-24428\">Cliquez ici pour lire l&rsquo;article depuis sa source.<\/a><\/p>\n","protected":false},"excerpt":{"rendered":"<p>Le coup d\u2019envoi a \u00e9t\u00e9 donn\u00e9 dans la nuit de mardi dernier aux Journ\u00e9es du monologue et du rire avec la pr\u00e9sentation du spectacle Tag hena tag lehihe, de Kamel Ferrad, \u00e0 l\u2019ancienne placette de la commune d\u2019El-Milia, par la directrice de la culture, Salima Gaoua, en pr\u00e9sence du public.Organis\u00e9e par la direction de la [&hellip;]<\/p>\n","protected":false},"author":1741,"featured_media":0,"comment_status":"closed","ping_status":"closed","sticky":false,"template":"","format":"standard","meta":{"fifu_image_url":"","fifu_image_alt":"","footnotes":""},"categories":[73,53],"tags":[],"class_list":["post-36757","post","type-post","status-publish","format-standard","hentry","category-actualite","category-algerie"],"_links":{"self":[{"href":"https:\/\/linitiative.ca\/International\/wp-json\/wp\/v2\/posts\/36757","targetHints":{"allow":["GET"]}}],"collection":[{"href":"https:\/\/linitiative.ca\/International\/wp-json\/wp\/v2\/posts"}],"about":[{"href":"https:\/\/linitiative.ca\/International\/wp-json\/wp\/v2\/types\/post"}],"author":[{"embeddable":true,"href":"https:\/\/linitiative.ca\/International\/wp-json\/wp\/v2\/users\/1741"}],"replies":[{"embeddable":true,"href":"https:\/\/linitiative.ca\/International\/wp-json\/wp\/v2\/comments?post=36757"}],"version-history":[{"count":0,"href":"https:\/\/linitiative.ca\/International\/wp-json\/wp\/v2\/posts\/36757\/revisions"}],"wp:attachment":[{"href":"https:\/\/linitiative.ca\/International\/wp-json\/wp\/v2\/media?parent=36757"}],"wp:term":[{"taxonomy":"category","embeddable":true,"href":"https:\/\/linitiative.ca\/International\/wp-json\/wp\/v2\/categories?post=36757"},{"taxonomy":"post_tag","embeddable":true,"href":"https:\/\/linitiative.ca\/International\/wp-json\/wp\/v2\/tags?post=36757"}],"curies":[{"name":"wp","href":"https:\/\/api.w.org\/{rel}","templated":true}]}}