{"id":36758,"date":"2019-05-26T06:00:00","date_gmt":"2019-05-26T10:00:00","guid":{"rendered":"https:\/\/linitiative.ca\/International\/baaziz-enflamme-le-public-a-dar-abdeltif\/"},"modified":"2019-05-26T06:00:00","modified_gmt":"2019-05-26T10:00:00","slug":"baaziz-enflamme-le-public-a-dar-abdeltif","status":"publish","type":"post","link":"https:\/\/linitiative.ca\/International\/baaziz-enflamme-le-public-a-dar-abdeltif\/","title":{"rendered":"Ba\u00e2ziz enflamme le public  \u00e0 Dar Abdeltif"},"content":{"rendered":"<p>En v\u00e9ritable b\u00eate de sc\u00e8ne, le chanteur Ba\u00e2z\u00eez a \u00e9merveill\u00e9 le public par ses chansons engag\u00e9es, mais aussi celles du terroir qu\u2019il a joliment entonn\u00e9es \u00e0 Dar Abdeltif, \u00e0 El-Hamma, \u00e0 Alger. C\u2019\u00e9tait \u00e0 l\u2019occasion d\u2019un hommage rendu au grand humoriste Rachid Ksentini, organis\u00e9\u00a0 par\u00a0 l\u2019Agence alg\u00e9rienne pour le rayonnement culturel.<br \/>Si, d\u2019embl\u00e9e, Ba\u00e2ziz a pr\u00e9f\u00e9r\u00e9 revenir sur ses chansons-phares \u00e0 l\u2019image de Bandiya (les bandits) ou Djbel ma bin djbel (montagne entre des montagnes), ainsi que celle dont le texte et la m\u00e9lodie ont \u00e9t\u00e9 inspir\u00e9s de la chanson de Laurent Voulzy o\u00f9 il dit \u00abon a tous dans\u00a0 \u00a0le c\u0153ur une petite fille oubli\u00e9e\u00bb et pour laquelle Ba\u00e2ziz a choisi le refrain \u00abun truc qui me colle encore au c\u0153ur et au corps\u00bb pour le faire revenir en leitmotiv, celui-ci avait interpr\u00e9t\u00e9 \u00e9galement des tubes du terroir, notamment des chansonnettes au rythme alerte comme : In kounta \u2018\u00e2chiq (si tu \u00e9tais amoureux) et Ya Dza\u00efr yal ghalia (\u00f4 Alg\u00e9rie la merveille).<br \/>Mais comme l\u2019objet de sa mont\u00e9e sur sc\u00e8ne \u00e9tait un hommage\u00a0 rendu au grand com\u00e9dien et chanteur Rachid Ksentini, Ba\u00e2ziz n\u2019a pas manqu\u00e9 d\u2019interpr\u00e9ter quelques-unes de ses chansons. Kther echomage (le ch\u00f4mage s\u2019est accru) ou bien Wkhiyak dima wahdou (ton fr\u00e8re est toujours seul) \u00e9taient fid\u00e8lement interpr\u00e9t\u00e9s.<br \/>Ba\u00e2ziz ne s\u2019est pas limit\u00e9 au chant, mais comme \u00e0 son habitude, il s\u2019est adress\u00e9 \u00e0 chaque fois au public, soit pour lui raconter les raisons de la composition d\u2019une telle chanson, ou alors les cons\u00e9quences qui s\u2019en sont suivies apr\u00e8s l\u2019avoir chant\u00e9e. Une interactivit\u00e9 qui pla\u00eet et qui donne cette ambiance particuli\u00e8re \u00e0 ses concerts.<br \/>Pour prouver son attachement \u00e0 la chanson cha\u00e2bi qu\u2019il dira qu\u2019il en d\u00e9couvre beaucoup de sens cach\u00e9s, il chantera \u00e0 ses fans : Kifach hilti ya nassi wach houwa \u2018\u00e2mali (qu\u2019elle est ma ruse, que dois-je faire).<br \/>Le public, jeudi dernier, ne s\u2019est pas emp\u00each\u00e9 de danser aux rythmes vifs et rapides de certaines de ses chansons.<br \/>Philanthrope, celui qui dit qu\u2019il est le disciple de Rachid Ksentini, a invit\u00e9 les chanteurs Nasreddine Galiz et Abderrahmane Djalti \u00e0 monter sur sc\u00e8ne et interpr\u00e9ter leurs tubes favoris.<br \/>Selon Abdelkader Bendameche, directeur de l\u2019agence alg\u00e9rienne pour le rayonnement culturel, d\u2019autres soir\u00e9es sont pr\u00e9vues durant ce mois de Ramadhan. Le 1er juin, \u00e7a sera Samir Toumi.<br \/>M. Belarbi<\/p>\n<p>Auteur:<br \/>\n<a href=\"https:\/\/www.lesoirdalgerie.com\/culture\/baaziz-enflamme-le-public-a-dar-abdeltif-24427\">Cliquez ici pour lire l&rsquo;article depuis sa source.<\/a><\/p>\n","protected":false},"excerpt":{"rendered":"<p>En v\u00e9ritable b\u00eate de sc\u00e8ne, le chanteur Ba\u00e2z\u00eez a \u00e9merveill\u00e9 le public par ses chansons engag\u00e9es, mais aussi celles du terroir qu\u2019il a joliment entonn\u00e9es \u00e0 Dar Abdeltif, \u00e0 El-Hamma, \u00e0 Alger. C\u2019\u00e9tait \u00e0 l\u2019occasion d\u2019un hommage rendu au grand humoriste Rachid Ksentini, organis\u00e9\u00a0 par\u00a0 l\u2019Agence alg\u00e9rienne pour le rayonnement culturel.Si, d\u2019embl\u00e9e, Ba\u00e2ziz a pr\u00e9f\u00e9r\u00e9 [&hellip;]<\/p>\n","protected":false},"author":1741,"featured_media":0,"comment_status":"closed","ping_status":"closed","sticky":false,"template":"","format":"standard","meta":{"fifu_image_url":"","fifu_image_alt":"","footnotes":""},"categories":[73,53],"tags":[],"class_list":["post-36758","post","type-post","status-publish","format-standard","hentry","category-actualite","category-algerie"],"_links":{"self":[{"href":"https:\/\/linitiative.ca\/International\/wp-json\/wp\/v2\/posts\/36758","targetHints":{"allow":["GET"]}}],"collection":[{"href":"https:\/\/linitiative.ca\/International\/wp-json\/wp\/v2\/posts"}],"about":[{"href":"https:\/\/linitiative.ca\/International\/wp-json\/wp\/v2\/types\/post"}],"author":[{"embeddable":true,"href":"https:\/\/linitiative.ca\/International\/wp-json\/wp\/v2\/users\/1741"}],"replies":[{"embeddable":true,"href":"https:\/\/linitiative.ca\/International\/wp-json\/wp\/v2\/comments?post=36758"}],"version-history":[{"count":0,"href":"https:\/\/linitiative.ca\/International\/wp-json\/wp\/v2\/posts\/36758\/revisions"}],"wp:attachment":[{"href":"https:\/\/linitiative.ca\/International\/wp-json\/wp\/v2\/media?parent=36758"}],"wp:term":[{"taxonomy":"category","embeddable":true,"href":"https:\/\/linitiative.ca\/International\/wp-json\/wp\/v2\/categories?post=36758"},{"taxonomy":"post_tag","embeddable":true,"href":"https:\/\/linitiative.ca\/International\/wp-json\/wp\/v2\/tags?post=36758"}],"curies":[{"name":"wp","href":"https:\/\/api.w.org\/{rel}","templated":true}]}}