{"id":36764,"date":"2019-05-26T06:40:54","date_gmt":"2019-05-26T10:40:54","guid":{"rendered":"https:\/\/linitiative.ca\/International\/de-1976-a-2019-ou-en-est-on-dune-ambition-a-lautre\/"},"modified":"2019-05-26T06:40:54","modified_gmt":"2019-05-26T10:40:54","slug":"de-1976-a-2019-ou-en-est-on-dune-ambition-a-lautre","status":"publish","type":"post","link":"https:\/\/linitiative.ca\/International\/de-1976-a-2019-ou-en-est-on-dune-ambition-a-lautre\/","title":{"rendered":"De 1976 \u00e0 2019 o\u00f9 en est-on ? D\u2019une ambition \u00e0 l\u2019autre\u2026"},"content":{"rendered":"<p class=\"p1\">L\u2019article de la semaine derni\u00e8re (Challenge n\u00b0 697 du 17 au 23 mai 2019) consacr\u00e9 \u00e0 la Coupe d\u2019Afrique des Nations 1976, tout en ravivant des souvenirs, qui pour les plus jeunes ont \u00e9t\u00e9 autant de d\u00e9couvertes, a obtenu un tr\u00e8s gros succ\u00e8s aupr\u00e8s des lecteurs. C\u2019est normal, la nostalgie est l\u00e0 et l\u2019attente d\u2019un deuxi\u00e8me troph\u00e9e en CAN est d\u2019une cuisante actualit\u00e9.<\/p>\n<div class=\"c10\"\/>\n<p class=\"p2\">Depuis 1976, on attend les successeurs de la bande \u00e0 Faras, aucune autre g\u00e9n\u00e9ration, que ce soit celle d\u2019Anafal, Boussati ou encore de Naybet, Bassir et encore moins celle des Hajji, Chamakh n\u2019aura pu inscrire son nom au palmar\u00e8s de la CAN. Il y a eu tout juste une 2\u00e8me place pour Tunisie 2004 et une m\u00e9daille de bronze en 1980 au Nig\u00e9ria avec le regrett\u00e9 Limane et son \u00e9quipe de jeunots o\u00f9 Khalid Labied a \u00e9t\u00e9 le meilleur buteur de l\u2019\u00e9dition.<\/p>\n<p class=\"p2\">En 1988, malgr\u00e9 une CAN organis\u00e9e \u00e0 Casablanca, l\u2019\u00e9quipe de Faria avec les Krimou, Bouderbala, Timoumi, Haddaoui n\u2019aura pu s\u2019imposer.<\/p>\n<p class=\"p2\">Alors la question peut se poser, au-del\u00e0 des qualit\u00e9s techniques de chaque g\u00e9n\u00e9ration de joueurs, que faut-il pour gagner une CAN ?<\/p>\n<h2>\u00ab\u00a0Depuis 1976, on attend les successeurs de la bande \u00e0 Faras\u00a0\u00bb<\/h2>\n<p class=\"p2\">L\u2019actuel pr\u00e9sident de la FRMF, Fouzi Lekjaa a longuement r\u00e9fl\u00e9chi \u00e0 l\u2019\u00e9quation ; elle est compliqu\u00e9e mais, ambitieux comme jamais, il en a conclu qu\u2019il \u00e9tait temps de rem\u00e9dier \u00e0 cette anomalie et il a lanc\u00e9 la campagne de mobilisation : <em>\u00abTous pour la victoire en 2019 !\u00bb<\/em> Plan de bataille pris au mot par l\u2019ensemble des m\u00e9dias marocains qui r\u00eavent \u2013 c\u2019est logique \u2013 d\u2019une cons\u00e9cration cairote en juillet prochain.<\/p>\n<p class=\"p2\">Il est permis \u00e0 tous de r\u00eaver, les Egyptiens ne sont pas en reste, ni m\u00eame les S\u00e9n\u00e9galais, sans oublier ni Tunisiens ni Alg\u00e9riens, et encore moins Camerounais et Nig\u00e9rians. Cela fait du monde qui se bouscule pour l\u2019honneur supr\u00eame.<\/p>\n<p class=\"p2\">Ce ne sera donc pas facile et Renard a absolument le droit et le devoir de temp\u00e9rer les enthousiasmes et de juguler les ardeurs pour n\u2019\u00eatre pr\u00eat qu\u2019au jour \u00abJ\u00bb. Pour l\u2019instant, on ne peut faire que des pronostics et donc se perdre en conjonctures.<\/p>\n<p class=\"p2\">Cependant, plus que le potentiel, r\u00e9el, de l\u2019actuelle g\u00e9n\u00e9ration des Lions de l\u2019Atlas dont les joueurs se sont illustr\u00e9s dans, \u00e0 peu pr\u00e8s, tous les championnats du globe, il y a un atout consid\u00e9rable pour 2019.<\/p>\n<p class=\"p2\">Cet atout, cette valeur ajout\u00e9e, c\u2019est Fouzi Lekjaa, un pr\u00e9sident qui semble avoir tout compris au football africain\u2026 Comme l\u2019avait fait Mehdi Belmejdoub en 76.<\/p>\n<p class=\"p2\">Le coup de gueule, bien senti que Lekjaa a envoy\u00e9 \u00e0 ceux qui ont mis en doute les r\u00e9sultats des clubs marocains dans les comp\u00e9titions, a \u00e9t\u00e9 re\u00e7u cinq sur cinq et tous les contradicteurs se le sont tenus pour dit.<\/p>\n<p class=\"p2\">Voil\u00e0 pour les relations ext\u00e9rieures et leur communication idoine.<span class=\"Apple-converted-space\">\u00a0<\/span> L\u00e0, Lekjaa peut revendiquer un \u00ab 10 sur 10 \u00bb ; il a tout bon, il a tout juste.<\/p>\n<p class=\"p2\">Reste maintenant \u00e0 g\u00e9rer les enthousiasmes \u00e0 l\u2019int\u00e9rieur du pays. Surtout que la pr\u00e9paration pour la CAN risque d\u2019\u00eatre perturb\u00e9e par les clubs locaux qui s\u2019entred\u00e9chirent en cette fin de saison (voir les points sur les \u00abi\u00bb par ailleurs).<\/p>\n<p class=\"p2\">Renard, de son c\u00f4t\u00e9, a assez de carrure et d\u2019exp\u00e9rience pour ne pas perdre son sang froid dans ces jours d\u00e9cisifs.<\/p>\n<p class=\"p2\">A mesure que la CAN approche, il va falloir \u00eatre fort et solidaire.<\/p>\n<p class=\"p2\">Et cela concerne tous les partenaires du football national.<\/p>\n<p class=\"p2\">Tous. Et pas seulement Lekjaa et Renard.<\/p>\n<p class=\"p2\">Il ne s\u2019agit pas de perdre la CAN, de gaspiller du moins nos chances de l\u2019emporter, avant m\u00eame que celle-ci ne commence.<\/p>\n<p class=\"p4\">NB : La victoire (1-0) de la RS Berkane obtenue \u00e0 la toute derni\u00e8re seconde, dimanche soir face au Zamalek (Egypte) est tr\u00e8s importante.<\/p>\n<p class=\"p4\">Certes elle doit \u00eatre confirm\u00e9e en match retour en Alexandrie. Mais c\u2019est d\u00e9j\u00e0, un joli coup r\u00e9ussi.<\/p>\n<div class=\"c17\">\n<fieldset class=\"c16\">\n<legend><strong><span class=\"c11\">Challenge<\/span><span class=\"c12\">news<\/span><\/strong><\/legend>\n<div class=\"c15\">Le meilleur de la r\u00e9daction s\u00e9lectionn\u00e9 par Challenge :<\/p>\n<\/div>\n<\/fieldset>\n<\/div>\n<p>Auteur: Najib Salmi<br \/>\n<a href=\"https:\/\/www.challenge.ma\/de-1976-a-2019-ou-en-est-on-dune-ambition-a-lautre-109570\/\">Cliquez ici pour lire l&rsquo;article depuis sa source.<\/a><\/p>\n","protected":false},"excerpt":{"rendered":"<p>L\u2019article de la semaine derni\u00e8re (Challenge n\u00b0 697 du 17 au 23 mai 2019) consacr\u00e9 \u00e0 la Coupe d\u2019Afrique des Nations 1976, tout en ravivant des souvenirs, qui pour les plus jeunes ont \u00e9t\u00e9 autant de d\u00e9couvertes, a obtenu un tr\u00e8s gros succ\u00e8s aupr\u00e8s des lecteurs. C\u2019est normal, la nostalgie est l\u00e0 et l\u2019attente d\u2019un [&hellip;]<\/p>\n","protected":false},"author":1787,"featured_media":0,"comment_status":"closed","ping_status":"closed","sticky":false,"template":"","format":"standard","meta":{"fifu_image_url":"","fifu_image_alt":"","footnotes":""},"categories":[78,54],"tags":[],"class_list":["post-36764","post","type-post","status-publish","format-standard","hentry","category-economie","category-maroc"],"_links":{"self":[{"href":"https:\/\/linitiative.ca\/International\/wp-json\/wp\/v2\/posts\/36764","targetHints":{"allow":["GET"]}}],"collection":[{"href":"https:\/\/linitiative.ca\/International\/wp-json\/wp\/v2\/posts"}],"about":[{"href":"https:\/\/linitiative.ca\/International\/wp-json\/wp\/v2\/types\/post"}],"author":[{"embeddable":true,"href":"https:\/\/linitiative.ca\/International\/wp-json\/wp\/v2\/users\/1787"}],"replies":[{"embeddable":true,"href":"https:\/\/linitiative.ca\/International\/wp-json\/wp\/v2\/comments?post=36764"}],"version-history":[{"count":0,"href":"https:\/\/linitiative.ca\/International\/wp-json\/wp\/v2\/posts\/36764\/revisions"}],"wp:attachment":[{"href":"https:\/\/linitiative.ca\/International\/wp-json\/wp\/v2\/media?parent=36764"}],"wp:term":[{"taxonomy":"category","embeddable":true,"href":"https:\/\/linitiative.ca\/International\/wp-json\/wp\/v2\/categories?post=36764"},{"taxonomy":"post_tag","embeddable":true,"href":"https:\/\/linitiative.ca\/International\/wp-json\/wp\/v2\/tags?post=36764"}],"curies":[{"name":"wp","href":"https:\/\/api.w.org\/{rel}","templated":true}]}}