{"id":36768,"date":"2019-05-26T12:26:10","date_gmt":"2019-05-26T16:26:10","guid":{"rendered":"https:\/\/linitiative.ca\/International\/ligue-des-champions-collina-et-busacca-invites-a-la-finale\/"},"modified":"2019-05-26T12:26:10","modified_gmt":"2019-05-26T16:26:10","slug":"ligue-des-champions-collina-et-busacca-invites-a-la-finale","status":"publish","type":"post","link":"https:\/\/linitiative.ca\/International\/ligue-des-champions-collina-et-busacca-invites-a-la-finale\/","title":{"rendered":"Ligue des champions : Collina et Busacca invit\u00e9s \u00e0 la finale"},"content":{"rendered":"<div class=\"nc_socialPanel swp_flatFresh swp_d_fullColor swp_i_fullColor swp_o_fullColor scale-100 scale-fullWidth\" data-position=\"none\" data-float=\"floatNone\" data-count=\"5\" data-floatcolor=\"#ffffff\" data-emphasize=\"0\">\n<div class=\"nc_tweetContainer totes totesalt\" data-id=\"6\"><span class=\"swp_count\"><span class=\"swp_label\">Partages<\/span> 0<\/span><\/div>\n<\/div>\n<p>Le pr\u00e9sident de la f\u00e9d\u00e9ration tunisienne de football (FTF),\u00a0Wadii\u00a0Al\u00a0Jari\u00a0a envoy\u00e9 une invitation sp\u00e9ciale \u00e0 Pierluigi\u00a0Collina, pr\u00e9sident de la commission des arbitres de la Fifa et une autre \u00e0 Massicmo\u00a0Busacca , directeur de l\u2019arbitrage de la m\u00eame instance, pour assister \u00e0 la finale retour de la Ligue des champions d\u2019Afrique opposant l\u2019Esp\u00e9rance de Tunis au\u00a0Wydad\u00a0de Casablanca, vendredi prochain au stade de Rad\u00e8s (22h00).<\/p>\n<p>Le match, rappelle-t-on, sera dirig\u00e9 par l\u2019arbitre international gambien, Bakary Papa\u00a0Gassama\u00a0qui sera assist\u00e9 par les deux S\u00e9n\u00e9galais, Djibril Camara et El Hadji Malik Samba.<\/p>\n<div class=\"code-block code-block-1 c4\"><ins class=\"adsbygoogle c3\" data-ad-layout=\"in-article\" data-ad-format=\"fluid\" data-ad-client=\"ca-pub-2102118777505746\" data-ad-slot=\"7301775417\"\/> <\/div>\n<p>Le Zambien\u00a0Janny\u00a0Sikazwe\u00a0a \u00e9t\u00e9 d\u00e9sign\u00e9 pour pr\u00e9sider l\u2019\u00e9quipe du VAR (Assistance Vid\u00e9o \u00e0 l\u2019arbitrage).<\/p>\n<p>Il est \u00e0 noter que la finale aller s\u2019est termin\u00e9e au Maroc sur le r\u00e9sultat nul (1-1).<\/p>\n<div class=\"mvp-org-wrap mvp-org-logo\" itemprop=\"publisher\" itemscope=\"\" itemtype=\"https:\/\/schema.org\/Organization\"><img decoding=\"async\" src=\"https:\/\/sport.tunisienumerique.com\/wp-content\/uploads\/2017\/05\/logo_tunisie_numerique.png\"\/><\/div>\n<div class=\"nc_socialPanel swp_flatFresh swp_d_fullColor swp_i_fullColor swp_o_fullColor scale-100 scale-fullWidth\" data-position=\"none\" data-float=\"floatNone\" data-count=\"5\" data-floatcolor=\"#ffffff\" data-emphasize=\"0\">\n<div class=\"nc_tweetContainer totes totesalt\" data-id=\"6\"><span class=\"swp_count\"><span class=\"swp_label\">Partages<\/span> 0<\/span><\/div>\n<\/div>\n<div class=\"mvp-related-posts left relative\">\n<h4 class=\"post-header\"><span class=\"post-header\">Lire aussi<\/span><\/h4>\n<\/div>\n<p>Auteur: a.<br \/>\n<a href=\"https:\/\/sport.tunisienumerique.com\/ligue-champions-collina-busacca-invites-a-finale\/\">Cliquez ici pour lire l&rsquo;article depuis sa source.<\/a><\/p>\n","protected":false},"excerpt":{"rendered":"<p>Partages 0 Le pr\u00e9sident de la f\u00e9d\u00e9ration tunisienne de football (FTF),\u00a0Wadii\u00a0Al\u00a0Jari\u00a0a envoy\u00e9 une invitation sp\u00e9ciale \u00e0 Pierluigi\u00a0Collina, pr\u00e9sident de la commission des arbitres de la Fifa et une autre \u00e0 Massicmo\u00a0Busacca , directeur de l\u2019arbitrage de la m\u00eame instance, pour assister \u00e0 la finale retour de la Ligue des champions d\u2019Afrique opposant l\u2019Esp\u00e9rance de Tunis [&hellip;]<\/p>\n","protected":false},"author":1789,"featured_media":36769,"comment_status":"closed","ping_status":"closed","sticky":false,"template":"","format":"standard","meta":{"fifu_image_url":"","fifu_image_alt":"","footnotes":""},"categories":[73,55],"tags":[],"class_list":["post-36768","post","type-post","status-publish","format-standard","has-post-thumbnail","hentry","category-actualite","category-tunisie"],"_links":{"self":[{"href":"https:\/\/linitiative.ca\/International\/wp-json\/wp\/v2\/posts\/36768","targetHints":{"allow":["GET"]}}],"collection":[{"href":"https:\/\/linitiative.ca\/International\/wp-json\/wp\/v2\/posts"}],"about":[{"href":"https:\/\/linitiative.ca\/International\/wp-json\/wp\/v2\/types\/post"}],"author":[{"embeddable":true,"href":"https:\/\/linitiative.ca\/International\/wp-json\/wp\/v2\/users\/1789"}],"replies":[{"embeddable":true,"href":"https:\/\/linitiative.ca\/International\/wp-json\/wp\/v2\/comments?post=36768"}],"version-history":[{"count":0,"href":"https:\/\/linitiative.ca\/International\/wp-json\/wp\/v2\/posts\/36768\/revisions"}],"wp:featuredmedia":[{"embeddable":true,"href":"https:\/\/linitiative.ca\/International\/wp-json\/"}],"wp:attachment":[{"href":"https:\/\/linitiative.ca\/International\/wp-json\/wp\/v2\/media?parent=36768"}],"wp:term":[{"taxonomy":"category","embeddable":true,"href":"https:\/\/linitiative.ca\/International\/wp-json\/wp\/v2\/categories?post=36768"},{"taxonomy":"post_tag","embeddable":true,"href":"https:\/\/linitiative.ca\/International\/wp-json\/wp\/v2\/tags?post=36768"}],"curies":[{"name":"wp","href":"https:\/\/api.w.org\/{rel}","templated":true}]}}