{"id":36770,"date":"2019-05-26T12:37:58","date_gmt":"2019-05-26T16:37:58","guid":{"rendered":"https:\/\/linitiative.ca\/International\/tunisie-jendouba-intemperies-inondations-et-plusieurs-axes-routiers-coupes\/"},"modified":"2019-05-26T12:37:58","modified_gmt":"2019-05-26T16:37:58","slug":"tunisie-jendouba-intemperies-inondations-et-plusieurs-axes-routiers-coupes","status":"publish","type":"post","link":"https:\/\/linitiative.ca\/International\/tunisie-jendouba-intemperies-inondations-et-plusieurs-axes-routiers-coupes\/","title":{"rendered":"Tunisie \u2013 Jendouba\u00a0: Intemp\u00e9ries\u00a0: Inondations et plusieurs axes routiers coup\u00e9s"},"content":{"rendered":"<div class=\"post-cont-in left relative\">\n<div class=\"swp_social_panel swp_horizontal_panel swp_flat_fresh swp_default_full_color swp_individual_full_color swp_other_full_color scale-100 scale-\" data-min-width=\"1100\" data-float-color=\"#ffffff\" data-float=\"none\" data-float-mobile=\"none\" data-transition=\"slide\">\n<div class=\"nc_tweetContainer swp_share_button total_shares total_sharesalt\"><span class=\"swp_count\">80 <span class=\"swp_label\">Partages<\/span><\/span><\/div>\n<\/div>\n<p>Le minist\u00e8re de l\u2019Equipement a annonc\u00e9 ce dimanche, que suite aux derni\u00e8res pr\u00e9cipitations, la r\u00e9gion de Jendouba a connu des crues et des trop-plein de lacs de r\u00e9tention de certains barrages, ayant entrain\u00e9 la coupure de certains axes routiers dont, notamment, La RN 17 au Km 10, \u00e0 Tabarka. Le passage vers Tunis reste possible pour les voitures l\u00e9g\u00e8res, par la d\u00e9viation mise en place pour les travaux sur les derniers affaissements de terrains et pour les poids lourds, \u00e0 travers la RN 11, vers Amdoun, puis la r\u00e9gionale 161, ensuite la RN 7.<\/p>\n<div class=\"mvp-org-wrap mvp-org-logo\" itemprop=\"publisher\" itemscope=\"\" itemtype=\"https:\/\/schema.org\/Organization\"><img decoding=\"async\" src=\"https:\/\/www.tunisienumerique.com\/wp-content\/uploads\/2017\/02\/logo_tunisie_numerique.png\"\/><\/div>\n<div class=\"swp_social_panel swp_horizontal_panel swp_flat_fresh swp_default_full_color swp_individual_full_color swp_other_full_color scale-100 scale-\" data-min-width=\"1100\" data-float-color=\"#ffffff\" data-float=\"none\" data-float-mobile=\"none\" data-transition=\"slide\">\n<div class=\"nc_tweetContainer swp_share_button total_shares total_sharesalt\"><span class=\"swp_count\">80 <span class=\"swp_label\">Partages<\/span><\/span><\/div>\n<\/div>\n<div class=\"mvp-related-posts left relative\">\n<h4 class=\"post-header\"><span class=\"post-header\">Lire aussi<\/span><\/h4>\n<\/div>\n<\/div>\n<p>Auteur: LM<br \/>\n<a href=\"https:\/\/www.tunisienumerique.com\/tunisie-jendouba-intemperies-inondations-et-plusieurs-axes-routiers-coupes\/\">Cliquez ici pour lire l&rsquo;article depuis sa source.<\/a><\/p>\n","protected":false},"excerpt":{"rendered":"<p>80 Partages Le minist\u00e8re de l\u2019Equipement a annonc\u00e9 ce dimanche, que suite aux derni\u00e8res pr\u00e9cipitations, la r\u00e9gion de Jendouba a connu des crues et des trop-plein de lacs de r\u00e9tention de certains barrages, ayant entrain\u00e9 la coupure de certains axes routiers dont, notamment, La RN 17 au Km 10, \u00e0 Tabarka. Le passage vers Tunis [&hellip;]<\/p>\n","protected":false},"author":1789,"featured_media":36771,"comment_status":"closed","ping_status":"closed","sticky":false,"template":"","format":"standard","meta":{"fifu_image_url":"","fifu_image_alt":"","footnotes":""},"categories":[73,55],"tags":[],"class_list":["post-36770","post","type-post","status-publish","format-standard","has-post-thumbnail","hentry","category-actualite","category-tunisie"],"_links":{"self":[{"href":"https:\/\/linitiative.ca\/International\/wp-json\/wp\/v2\/posts\/36770","targetHints":{"allow":["GET"]}}],"collection":[{"href":"https:\/\/linitiative.ca\/International\/wp-json\/wp\/v2\/posts"}],"about":[{"href":"https:\/\/linitiative.ca\/International\/wp-json\/wp\/v2\/types\/post"}],"author":[{"embeddable":true,"href":"https:\/\/linitiative.ca\/International\/wp-json\/wp\/v2\/users\/1789"}],"replies":[{"embeddable":true,"href":"https:\/\/linitiative.ca\/International\/wp-json\/wp\/v2\/comments?post=36770"}],"version-history":[{"count":0,"href":"https:\/\/linitiative.ca\/International\/wp-json\/wp\/v2\/posts\/36770\/revisions"}],"wp:featuredmedia":[{"embeddable":true,"href":"https:\/\/linitiative.ca\/International\/wp-json\/"}],"wp:attachment":[{"href":"https:\/\/linitiative.ca\/International\/wp-json\/wp\/v2\/media?parent=36770"}],"wp:term":[{"taxonomy":"category","embeddable":true,"href":"https:\/\/linitiative.ca\/International\/wp-json\/wp\/v2\/categories?post=36770"},{"taxonomy":"post_tag","embeddable":true,"href":"https:\/\/linitiative.ca\/International\/wp-json\/wp\/v2\/tags?post=36770"}],"curies":[{"name":"wp","href":"https:\/\/api.w.org\/{rel}","templated":true}]}}