{"id":36772,"date":"2019-05-26T12:45:52","date_gmt":"2019-05-26T16:45:52","guid":{"rendered":"https:\/\/linitiative.ca\/International\/nigeria-plusieurs-morts-dans-lattaque-terroriste-dun-convoi-de-militaires-et-civils\/"},"modified":"2019-05-26T12:45:52","modified_gmt":"2019-05-26T16:45:52","slug":"nigeria-plusieurs-morts-dans-lattaque-terroriste-dun-convoi-de-militaires-et-civils","status":"publish","type":"post","link":"https:\/\/linitiative.ca\/International\/nigeria-plusieurs-morts-dans-lattaque-terroriste-dun-convoi-de-militaires-et-civils\/","title":{"rendered":"Nig\u00e9ria\u00a0: Plusieurs morts dans l\u2019attaque terroriste d\u2019un convoi de militaires et civils"},"content":{"rendered":"<div class=\"post-cont-in left relative\">\n<div class=\"swp_social_panel swp_horizontal_panel swp_flat_fresh swp_default_full_color swp_individual_full_color swp_other_full_color scale-100 scale-\" data-min-width=\"1100\" data-float-color=\"#ffffff\" data-float=\"none\" data-float-mobile=\"none\" data-transition=\"slide\">\n<div class=\"nc_tweetContainer swp_share_button total_shares total_sharesalt\"><span class=\"swp_count\">3 <span class=\"swp_label\">Partages<\/span><\/span><\/div>\n<\/div>\n<p>Des terroristes islamistes ont tu\u00e9 samedi matin au moins 25 soldats et des civils dans une embuscade\u00a0au nord-est du Nigeria, la seconde attaque meurtri\u00e8re contre l\u2019arm\u00e9e cette semaine, apprend-on de deux sources proches des services de s\u00e9curit\u00e9.<\/p>\n<p>Les assaillants ont ouvert le feu sur les militaires alors que ces derniers escortaient un groupe d\u2019habitants \u00e9vacu\u00e9s d\u2019un village de l\u2019Etat de Borno, o\u00f9 la l\u2019organisation terroriste Boko Haram a lanc\u00e9 une insurrection arm\u00e9e il y a dix ans.<\/p>\n<div class=\"code-block code-block-1 c3\"><ins class=\"adsbygoogle c2\" data-ad-layout=\"in-article\" data-ad-format=\"fluid\" data-ad-client=\"ca-pub-2102118777505746\" data-ad-slot=\"7301775417\"\/> <\/div>\n<p>\u201cIls ont encercl\u00e9 les v\u00e9hicules de l\u2019arm\u00e9e et des civils et ont ouvert le feu\u201d, a dit l\u2019une des sources, membre d\u2019un groupe d\u2019autod\u00e9fense mis en place par les autorit\u00e9s dans la r\u00e9gion.<\/p>\n<p>\u201cIls ont \u00e9chang\u00e9 des coups de feu pendant plusieurs minutes avant que les membres de Boko Haram ne prennent le dessus\u201d, a ajout\u00e9 cette source.<\/p>\n<p>Le gouvernement nig\u00e9rian affirme que l\u2019insurrection men\u00e9e au Nigeria par Boko Haram et son rival DAECH Province Afrique de l\u2019Ouest est en train de s\u2019\u00e9teindre, mais les militaires continuent de subir de lourdes pertes.<\/p>\n<p>Le conflit a fait en dix ans plus de 30.000 morts et des millions de d\u00e9plac\u00e9s.<\/p>\n<p>DAECH pour l\u2019Afrique de l\u2019Ouest a revendiqu\u00e9 mercredi, la mort de 20 soldats nig\u00e9rians tu\u00e9s lors d\u2019une op\u00e9ration conduite deux jours plus t\u00f4t et a publi\u00e9 une vid\u00e9o montrant l\u2019ex\u00e9cution de neuf autres militaires.<\/p>\n<div class=\"mvp-org-wrap mvp-org-logo\" itemprop=\"publisher\" itemscope=\"\" itemtype=\"https:\/\/schema.org\/Organization\"><img decoding=\"async\" src=\"https:\/\/www.tunisienumerique.com\/wp-content\/uploads\/2017\/02\/logo_tunisie_numerique.png\"\/><\/div>\n<div class=\"swp_social_panel swp_horizontal_panel swp_flat_fresh swp_default_full_color swp_individual_full_color swp_other_full_color scale-100 scale-\" data-min-width=\"1100\" data-float-color=\"#ffffff\" data-float=\"none\" data-float-mobile=\"none\" data-transition=\"slide\">\n<div class=\"nc_tweetContainer swp_share_button total_shares total_sharesalt\"><span class=\"swp_count\">3 <span class=\"swp_label\">Partages<\/span><\/span><\/div>\n<\/div>\n<div class=\"mvp-related-posts left relative\">\n<h4 class=\"post-header\"><span class=\"post-header\">Lire aussi<\/span><\/h4>\n<\/div>\n<\/div>\n<p>Auteur: LM<br \/>\n<a href=\"https:\/\/www.tunisienumerique.com\/nigeria-plusieurs-morts-dans-lattaque-terroriste-dun-convoi-de-militaires-et-civils\/\">Cliquez ici pour lire l&rsquo;article depuis sa source.<\/a><\/p>\n","protected":false},"excerpt":{"rendered":"<p>3 Partages Des terroristes islamistes ont tu\u00e9 samedi matin au moins 25 soldats et des civils dans une embuscade\u00a0au nord-est du Nigeria, la seconde attaque meurtri\u00e8re contre l\u2019arm\u00e9e cette semaine, apprend-on de deux sources proches des services de s\u00e9curit\u00e9. Les assaillants ont ouvert le feu sur les militaires alors que ces derniers escortaient un groupe [&hellip;]<\/p>\n","protected":false},"author":1789,"featured_media":36773,"comment_status":"closed","ping_status":"closed","sticky":false,"template":"","format":"standard","meta":{"fifu_image_url":"","fifu_image_alt":"","footnotes":""},"categories":[73,55],"tags":[],"class_list":["post-36772","post","type-post","status-publish","format-standard","has-post-thumbnail","hentry","category-actualite","category-tunisie"],"_links":{"self":[{"href":"https:\/\/linitiative.ca\/International\/wp-json\/wp\/v2\/posts\/36772","targetHints":{"allow":["GET"]}}],"collection":[{"href":"https:\/\/linitiative.ca\/International\/wp-json\/wp\/v2\/posts"}],"about":[{"href":"https:\/\/linitiative.ca\/International\/wp-json\/wp\/v2\/types\/post"}],"author":[{"embeddable":true,"href":"https:\/\/linitiative.ca\/International\/wp-json\/wp\/v2\/users\/1789"}],"replies":[{"embeddable":true,"href":"https:\/\/linitiative.ca\/International\/wp-json\/wp\/v2\/comments?post=36772"}],"version-history":[{"count":0,"href":"https:\/\/linitiative.ca\/International\/wp-json\/wp\/v2\/posts\/36772\/revisions"}],"wp:featuredmedia":[{"embeddable":true,"href":"https:\/\/linitiative.ca\/International\/wp-json\/"}],"wp:attachment":[{"href":"https:\/\/linitiative.ca\/International\/wp-json\/wp\/v2\/media?parent=36772"}],"wp:term":[{"taxonomy":"category","embeddable":true,"href":"https:\/\/linitiative.ca\/International\/wp-json\/wp\/v2\/categories?post=36772"},{"taxonomy":"post_tag","embeddable":true,"href":"https:\/\/linitiative.ca\/International\/wp-json\/wp\/v2\/tags?post=36772"}],"curies":[{"name":"wp","href":"https:\/\/api.w.org\/{rel}","templated":true}]}}