{"id":36786,"date":"2019-05-26T16:50:10","date_gmt":"2019-05-26T20:50:10","guid":{"rendered":"https:\/\/linitiative.ca\/International\/une-participation-en-forte-hausse-premiere-surprise-des-europeennes\/"},"modified":"2019-05-26T16:50:10","modified_gmt":"2019-05-26T20:50:10","slug":"une-participation-en-forte-hausse-premiere-surprise-des-europeennes","status":"publish","type":"post","link":"https:\/\/linitiative.ca\/International\/une-participation-en-forte-hausse-premiere-surprise-des-europeennes\/","title":{"rendered":"Une participation en forte hausse, premi\u00e8re surprise des europ\u00e9ennes"},"content":{"rendered":"<div readability=\"32\">\n<p>Publi\u00e9 le 26.05.2019 \u00e0 21h50 par AFP<\/p>\n<\/div>\n<div readability=\"143\">\n<p>Une forte hausse de la participation, qui devrait se situer entre 51,3% et 54% en m\u00e9tropole selon les sondeurs, soit une augmentation in\u00e9dite de 6,5 \u00e0 10 points par rapport \u00e0 la pr\u00e9c\u00e9dente \u00e9dition de 2014, est la premi\u00e8re grande surprise des europ\u00e9ennes de dimanche.<\/p>\n<p>Les abstentionnistes, premier parti de France aux \u00e9lections europ\u00e9ennes, comme d\u2019habitude ? Depuis 20 ans, moins d\u2019un \u00e9lecteur sur deux se d\u00e9place en France pour \u00e9lire les eurod\u00e9put\u00e9s, et les derniers sondages n\u2019indiquaient pas d\u2019inversion majeure lors du vote ce dimanche.<\/p>\n<p>Ils avaient certes relev\u00e9 une progression constante de la volont\u00e9 de prendre part au vote dans le dernier mois (seulement 40% tout d\u00e9but mai) mais elle \u00e9tait encore mesur\u00e9e vendredi \u00e0 46,5% par l\u2019Ifop ou 47% par Ipsos par exemple.<\/p>\n<p>Dimanche, la participation devrait finalement atteindre 54%, selon Ifop-Fiducial pour CNews, Sud Radio et Paris Match, 52,2% pour Harris-Interactive\/Epoka avec TF1, LCI, RTL et Le Figaro, 52% pour l\u2019institut Elabe avec BFMTV et 51,3% selon Ipsos pour France T\u00e9l\u00e9visions et Radio France.<\/p>\n<p>Il s\u2019agit potentiellement de la participation la plus \u00e9lev\u00e9e aux europ\u00e9ennes en France depuis 1994 (52,76%), m\u00eame si elle reste tr\u00e8s loin de celle de la premi\u00e8re d\u00e9signation au suffrage universel des repr\u00e9sentants fran\u00e7ais au Parlement europ\u00e9en en 1979 (60,7%).<\/p>\n<p>\u2013 Premi\u00e8re \u00e9lection depuis 2017 \u2013<\/p>\n<p>En 2014, la participation au scrutin europ\u00e9en en m\u00e9tropole s\u2019\u00e9tait \u00e9lev\u00e9e \u00e0 44,23% et sur la France enti\u00e8re (m\u00e9tropole + Outremer) \u00e0 42,43%, un score d\u00e9j\u00e0 sup\u00e9rieur \u00e0 celui des europ\u00e9ennes de 2009 (40,63%, la plus faible participation pour ce type de scrutin).<\/p>\n<p>Les politologues eux-m\u00eames ne cachent pas leur surprise devant ce sursaut civique. \u00ab\u00a0Une telle hausse est assez notable et c\u2019est d\u2019autant plus surprenant qu\u2019on a eu une campagne \u00e9lectorale qui a tard\u00e9 \u00e0 prendre, en raison de la crise des +gilets jaunes+ et du grand d\u00e9bat\u00a0\u00bb, analyse pour l\u2019AFP Anne Jadot, ma\u00eetre de conf\u00e9rences en science politique \u00e0 l\u2019universit\u00e9 de Lorraine.<\/p>\n<p>\u00ab\u00a0Mais il ne faut pas oublier que c\u2019est la premi\u00e8re \u00e9lection depuis 2017, rel\u00e8ve-t-elle. Il peut y avoir plusieurs causes qui se conjuguent, mais j\u2019y vois d\u2019abord une volont\u00e9 des Fran\u00e7ais de s\u2019exprimer dans les urnes, en se disant: +On nous redonne enfin la parole, profitons-en+\u00a0\u00bb.<\/p>\n<p>Grande nouveaut\u00e9 cette ann\u00e9e: le scrutin se d\u00e9roulait dans le cadre d\u2019une circonscription nationale. Fini le d\u00e9coupage en huit circonscriptions r\u00e9gionales qui \u00e9tait en vigueur depuis 15 ans, et place \u00e0 des listes nationales. Pour le gouvernement, ce devait \u00eatre un moyen d&rsquo;\u00a0\u00bbint\u00e9resser\u00a0\u00bb les Fran\u00e7ais \u00e0 ce scrutin pour une Union europ\u00e9enne (UE) souvent jug\u00e9e lointaine, et donc favoriser la participation.<\/p>\n<p>\u2013 Regain dans toute l\u2019UE \u2013<\/p>\n<p>\u00ab\u00a0Clairement, cette nouveaut\u00e9 de la circonscription unique a jou\u00e9 un r\u00f4le, \u00e7a a contribu\u00e9, avec les m\u00eames t\u00eates de liste partout, les d\u00e9bats t\u00e9l\u00e9vis\u00e9s, \u00e0 donner une dynamique nationale \u00e0 la campagne, surtout dans les derniers jours\u00a0\u00bb, confirme \u00e0 l\u2019AFP Pierre Lef\u00e9bure, ma\u00eetre de conf\u00e9rences en science politique \u00e0 l\u2019universit\u00e9 Paris-Villetaneuse.<\/p>\n<p>\u00ab\u00a0Incontestablement, la forte implication dans la campagne d\u2019Emmanuel Macron a \u00e9galement contribu\u00e9 \u00e0 nationaliser le scrutin. Il a cherch\u00e9 \u00e0 surmobiliser son camp, mais il a aussi donn\u00e9 du carburant aux camps adverses\u00a0\u00bb, souligne le politologue.<\/p>\n<p>Cette \u00ab\u00a0mobilisation diff\u00e9rentielle\u00a0\u00bb a surtout jou\u00e9 en faveur du Rassemblement national et des \u00e9cologistes d\u2019EELV.<\/p>\n<p>Mais le succ\u00e8s de ces derniers rappelle aussi que le regain de participation doit \u00eatre replac\u00e9 dans le contexte plus large de l\u2019Europe. Il n\u2019y a pas qu\u2019en France que les citoyens europ\u00e9ens semblent avoir retrouv\u00e9 de l\u2019app\u00e9tit pour ce scrutin traditionnellement boud\u00e9 dans l\u2019UE.<\/p>\n<p>Les taux de participation pour les \u00e9lections europ\u00e9ennes sont \u00ab\u00a0les plus \u00e9lev\u00e9s en 20 ans\u00a0\u00bb et l\u2019estimation est de 51% pour les 27 pays de l\u2019UE, sans le Royaume Uni, a annonc\u00e9 dimanche le Parlement europ\u00e9en.<\/p>\n<\/div>\n<p>Auteur: AFP<br \/>\n<a href=\"https:\/\/www.journalducameroun.com\/une-participation-en-forte-hausse-premiere-surprise-des-europeennes\/\">Cliquez ici pour lire l&rsquo;article depuis sa source.<\/a><\/p>\n","protected":false},"excerpt":{"rendered":"<p>Publi\u00e9 le 26.05.2019 \u00e0 21h50 par AFP Une forte hausse de la participation, qui devrait se situer entre 51,3% et 54% en m\u00e9tropole selon les sondeurs, soit une augmentation in\u00e9dite de 6,5 \u00e0 10 points par rapport \u00e0 la pr\u00e9c\u00e9dente \u00e9dition de 2014, est la premi\u00e8re grande surprise des europ\u00e9ennes de dimanche. Les abstentionnistes, premier [&hellip;]<\/p>\n","protected":false},"author":1965,"featured_media":0,"comment_status":"closed","ping_status":"closed","sticky":false,"template":"","format":"standard","meta":{"fifu_image_url":"","fifu_image_alt":"","footnotes":""},"categories":[73,82],"tags":[],"class_list":["post-36786","post","type-post","status-publish","format-standard","hentry","category-actualite","category-cameroun"],"_links":{"self":[{"href":"https:\/\/linitiative.ca\/International\/wp-json\/wp\/v2\/posts\/36786","targetHints":{"allow":["GET"]}}],"collection":[{"href":"https:\/\/linitiative.ca\/International\/wp-json\/wp\/v2\/posts"}],"about":[{"href":"https:\/\/linitiative.ca\/International\/wp-json\/wp\/v2\/types\/post"}],"author":[{"embeddable":true,"href":"https:\/\/linitiative.ca\/International\/wp-json\/wp\/v2\/users\/1965"}],"replies":[{"embeddable":true,"href":"https:\/\/linitiative.ca\/International\/wp-json\/wp\/v2\/comments?post=36786"}],"version-history":[{"count":0,"href":"https:\/\/linitiative.ca\/International\/wp-json\/wp\/v2\/posts\/36786\/revisions"}],"wp:attachment":[{"href":"https:\/\/linitiative.ca\/International\/wp-json\/wp\/v2\/media?parent=36786"}],"wp:term":[{"taxonomy":"category","embeddable":true,"href":"https:\/\/linitiative.ca\/International\/wp-json\/wp\/v2\/categories?post=36786"},{"taxonomy":"post_tag","embeddable":true,"href":"https:\/\/linitiative.ca\/International\/wp-json\/wp\/v2\/tags?post=36786"}],"curies":[{"name":"wp","href":"https:\/\/api.w.org\/{rel}","templated":true}]}}