{"id":36789,"date":"2019-05-26T16:50:22","date_gmt":"2019-05-26T20:50:22","guid":{"rendered":"https:\/\/linitiative.ca\/International\/lituanie-leconomiste-gitanas-nauseda-remporte-la-presidentielle\/"},"modified":"2019-05-26T16:50:22","modified_gmt":"2019-05-26T20:50:22","slug":"lituanie-leconomiste-gitanas-nauseda-remporte-la-presidentielle","status":"publish","type":"post","link":"https:\/\/linitiative.ca\/International\/lituanie-leconomiste-gitanas-nauseda-remporte-la-presidentielle\/","title":{"rendered":"Lituanie: l\u2019\u00e9conomiste Gitanas Nauseda remporte la pr\u00e9sidentielle"},"content":{"rendered":"<div readability=\"32\">\n<p>Publi\u00e9 le 26.05.2019 \u00e0 21h50 par AFP<\/p>\n<\/div>\n<div readability=\"145\">\n<p>L\u2019\u00e9conomiste de 55 ans Gitanas Nauseda, novice en politique, a largement remport\u00e9 l\u2019\u00e9lection pr\u00e9sidentielle en Lituanie dimanche, sa rivale Ingrida Simonyte reconnaissant sa d\u00e9faite \u00e0 l\u2019issue d\u2019une campagne marqu\u00e9e par la question des in\u00e9galit\u00e9s sociales.<\/p>\n<p>\u00ab\u00a0J\u2019ai f\u00e9licit\u00e9 Gitanas et lui ai souhait\u00e9 le succ\u00e8s pour rassembler la nation lituanienne\u00a0\u00bb, a dit Mme Simonyte \u00e0 la t\u00e9l\u00e9vision publique LRT.<\/p>\n<p>Tant Nauseda que Simonyte soutiennent fermement l\u2019appartenance de la Lituanie \u00e0 l\u2019UE et \u00e0 l\u2019Otan, vues comme des bastions protecteurs face \u00e0 la Russie, surtout depuis l\u2019occupation de la Crim\u00e9e en 2014.<\/p>\n<p>En marquant leur pr\u00e9f\u00e9rence pour ces deux candidats de centre droit les Lituaniens ont montr\u00e9 que le courant populiste et eurosceptique \u00e9tait faible dans leur pays.<\/p>\n<p>M. Nauseda \u00e9tait cr\u00e9dit\u00e9 de 70,64% de voix contre 27,95% \u00e0 sa rivale, ex-ministre des Finances proche des conservateurs, selon les r\u00e9sultats de 1.521 bureaux de vote sur 1.972. Il doit succ\u00e9der \u00e0 Dalia Grybauskaite, arriv\u00e9e au bout de son deuxi\u00e8me et dernier mandat.<\/p>\n<p>Dans ses premi\u00e8res d\u00e9clarations, M. Nauseda a une nouvelle fois promis de r\u00e9duire la fracture entre riches et pauvres et de chercher \u00e0 renforcer la confiance entre les provinciaux et les habitants de la capitale Vilnius.<\/p>\n<p>\u2013 \u00ab\u00a0Vivre dignement\u00a0\u00bb \u2013<\/p>\n<p>\u00ab\u00a0Je ne veux pas utiliser les termes de p\u00e9riph\u00e9rie ou de province. Tous peuvent vivre dignement dans ce petit pays\u00a0\u00bb, a-t-il dit aux journalistes.<\/p>\n<p>Par ailleurs, M. Nauseda a laiss\u00e9 entendre qu\u2019il chercherait \u00e0 adoucir la rh\u00e9torique de Vilnius \u00e0 l\u2019\u00e9gard du Kremlin \u2013 souvent cible de propos durs de la pr\u00e9sidente sortante \u2013 tout en affirmant que les relations avec Moscou ne s\u2019am\u00e9lioreraient que lorsque sa politique aurait chang\u00e9 \u00e0 l\u2019\u00e9gard de l\u2019Ukraine.<\/p>\n<p>\u00ab\u00a0Si la situation de l\u2019Ukraine reste ce qu\u2019elle est, il sera tr\u00e8s difficile d\u2019am\u00e9liorer les relations avec notre voisin oriental, parce que nous consid\u00e9rons cette situation comme un signe d\u2019agression \u00e0 l\u2019\u00e9gard d\u2019un pays voisin et nous ne pouvons le tol\u00e9rer\u00a0\u00bb, a-t-il dit.<\/p>\n<p>Selon les analystes, M. Nauseda doit en partie son succ\u00e8s \u00e0 sa position de candidat ind\u00e9pendant, au-dessus des partis et des querelles politiques.<\/p>\n<p>Cette opinion pouvait \u00eatre entendu aussi parmi les \u00e9lecteurs interrog\u00e9s par l\u2019AFP. Pour un habitant de Vilnius \u00e2g\u00e9 de 25 ans, Jonas Jovaisas, un candidat sans-parti \u00e9tait le meilleur choix pour conduire le pays.<\/p>\n<p>\u00ab\u00a0Il ne d\u00e9pend d\u2019aucun parti et cela l\u2019aidera \u00e0 travailler avec n\u2019importe quel parlement, avec n\u2019importe quel gouvernement\u00a0\u00bb, a-t-il d\u00e9clar\u00e9, apr\u00e8s avoir vot\u00e9.<\/p>\n<p>Le th\u00e8me des in\u00e9galit\u00e9s avait domin\u00e9 la campagne \u00e9lectorale, les deux candidats de centre droit en lice au deuxi\u00e8me tour promettant de les r\u00e9duire, tout en \u00e9vitant la d\u00e9rive populiste, dans ce pays balte de 2,8 millions d\u2019habitants dont pr\u00e8s de 30% risquent la pauvret\u00e9 ou l\u2019exclusion sociale, surtout \u00e0 la campagne.<\/p>\n<p>\u2013 \u00ab\u00a0Etat-providence\u00a0\u00bb \u2013<\/p>\n<p>La croissance devrait atteindre 2,7% du PIB cette ann\u00e9e, bien au-dessus de la moyenne de 1,1% dans les 19 pays de la zone euro dont la Lituanie fait partie.<\/p>\n<p>Les deux candidats, \u00e9conomistes solides, se sont engag\u00e9s \u00e0 distribuer ses fruits de mani\u00e8re plus \u00e9quilibr\u00e9e.<\/p>\n<p>Cependant, Mme Simonyte a gard\u00e9 ses distances face aux promesses d\u2019un \u00ab\u00a0Etat-providence\u00a0\u00bb faites par M. Nauseda.<\/p>\n<p>Insistant sur sa \u00ab\u00a0v\u00e9ritable ind\u00e9pendance\u00a0\u00bb, cet ancien conseiller bancaire de 55 ans s\u2019est engag\u00e9 \u00e0 \u0153uvrer pour une \u00ab\u00a0Lituanie soucieuse de tous, non seulement des privil\u00e9gi\u00e9s\u00a0\u00bb.<\/p>\n<p>Ses passages fr\u00e9quents \u00e0 la t\u00e9l\u00e9vision en qualit\u00e9 d\u2019expert \u00e9conomique ont permis \u00e0 cet homme mari\u00e9 et p\u00e8re de deux enfants de faire appr\u00e9cier son intelligence, son calme et sa mod\u00e9ration.<\/p>\n<p>Ses critiques ont estim\u00e9 cependant que sa plate-forme restait floue et lui ont reproch\u00e9 son inexp\u00e9rience politique et ses liens avec le monde des affaires.<\/p>\n<p>Le pr\u00e9sident lituanien dirige la diplomatie et la d\u00e9fense, il a le droit de veto, mais doit consulter le gouvernement ou le Premier ministre pour nommer les plus hauts responsables.<\/p>\n<\/div>\n<p>Auteur: AFP<br \/>\n<a href=\"https:\/\/www.journalducameroun.com\/lituanie-leconomiste-gitanas-nauseda-remporte-la-presidentielle\/\">Cliquez ici pour lire l&rsquo;article depuis sa source.<\/a><\/p>\n","protected":false},"excerpt":{"rendered":"<p>Publi\u00e9 le 26.05.2019 \u00e0 21h50 par AFP L\u2019\u00e9conomiste de 55 ans Gitanas Nauseda, novice en politique, a largement remport\u00e9 l\u2019\u00e9lection pr\u00e9sidentielle en Lituanie dimanche, sa rivale Ingrida Simonyte reconnaissant sa d\u00e9faite \u00e0 l\u2019issue d\u2019une campagne marqu\u00e9e par la question des in\u00e9galit\u00e9s sociales. \u00ab\u00a0J\u2019ai f\u00e9licit\u00e9 Gitanas et lui ai souhait\u00e9 le succ\u00e8s pour rassembler la nation [&hellip;]<\/p>\n","protected":false},"author":1965,"featured_media":0,"comment_status":"closed","ping_status":"closed","sticky":false,"template":"","format":"standard","meta":{"fifu_image_url":"","fifu_image_alt":"","footnotes":""},"categories":[73,82],"tags":[],"class_list":["post-36789","post","type-post","status-publish","format-standard","hentry","category-actualite","category-cameroun"],"_links":{"self":[{"href":"https:\/\/linitiative.ca\/International\/wp-json\/wp\/v2\/posts\/36789","targetHints":{"allow":["GET"]}}],"collection":[{"href":"https:\/\/linitiative.ca\/International\/wp-json\/wp\/v2\/posts"}],"about":[{"href":"https:\/\/linitiative.ca\/International\/wp-json\/wp\/v2\/types\/post"}],"author":[{"embeddable":true,"href":"https:\/\/linitiative.ca\/International\/wp-json\/wp\/v2\/users\/1965"}],"replies":[{"embeddable":true,"href":"https:\/\/linitiative.ca\/International\/wp-json\/wp\/v2\/comments?post=36789"}],"version-history":[{"count":0,"href":"https:\/\/linitiative.ca\/International\/wp-json\/wp\/v2\/posts\/36789\/revisions"}],"wp:attachment":[{"href":"https:\/\/linitiative.ca\/International\/wp-json\/wp\/v2\/media?parent=36789"}],"wp:term":[{"taxonomy":"category","embeddable":true,"href":"https:\/\/linitiative.ca\/International\/wp-json\/wp\/v2\/categories?post=36789"},{"taxonomy":"post_tag","embeddable":true,"href":"https:\/\/linitiative.ca\/International\/wp-json\/wp\/v2\/tags?post=36789"}],"curies":[{"name":"wp","href":"https:\/\/api.w.org\/{rel}","templated":true}]}}