{"id":36790,"date":"2019-05-26T16:50:26","date_gmt":"2019-05-26T20:50:26","guid":{"rendered":"https:\/\/linitiative.ca\/International\/percee-des-verts-en-europe-occidentale-face-a-lurgence-climatique\/"},"modified":"2019-05-26T16:50:26","modified_gmt":"2019-05-26T20:50:26","slug":"percee-des-verts-en-europe-occidentale-face-a-lurgence-climatique","status":"publish","type":"post","link":"https:\/\/linitiative.ca\/International\/percee-des-verts-en-europe-occidentale-face-a-lurgence-climatique\/","title":{"rendered":"Perc\u00e9e des Verts en Europe occidentale face \u00e0 l\u2019urgence climatique"},"content":{"rendered":"<div readability=\"32\">\n<p>Publi\u00e9 le 26.05.2019 \u00e0 21h50 par AFP<\/p>\n<\/div>\n<div readability=\"129\">\n<p>Avec des scores \u00e0 deux chiffres chez des poids lourds de l\u2019UE, en Allemagne en particulier, les partis \u00e9cologistes ont enregistr\u00e9 un succ\u00e8s historique aux Europ\u00e9ennes, l\u2019urgence climatique s\u2019imposant comme un sujet crucial pour les \u00e9lecteurs.<\/p>\n<p>Le bond des Gr\u00fcnen allemands \u00e0 20,9% est embl\u00e9matique: le parti multiplie son r\u00e9sultat de 2014 par deux. En France, les \u00e9cologistes sont 3e avec 12%. En Autriche, en Irlande, aux Pays-Bas leurs homologues sont aussi au-del\u00e0 de 10%, et au Royaume-Uni comme en Belgique de scores importants sont attendus.<\/p>\n<p>Les Verts pourraient m\u00eame se retrouver en position de faiseurs de roi ou peser sur la composition de la Commission europ\u00e9enne et l\u2019identit\u00e9 de son pr\u00e9sident, si ni le centre-droit (PPE) ni le centre-gauche (PSE) ne parviennent \u00e0 obtenir une majorit\u00e9 absolue. Ce serait une premi\u00e8re au parlement europ\u00e9en.<\/p>\n<p>\u00ab\u00a0On va vouloir avoir notre mot \u00e0 dire\u00a0\u00bb, a d\u2019ores et d\u00e9j\u00e0 gliss\u00e9 l\u2019Allemand Cem \u00d6zdemir.<\/p>\n<p>Interrog\u00e9e \u00e0 la t\u00e9l\u00e9vision allemande, la cheffe de file des Verts europ\u00e9ens a refus\u00e9 de se prononcer sur sa pr\u00e9f\u00e9rence : \u00ab\u00a0Ce qui nous int\u00e9resse, c\u2019est que nos propositions\u00a0\u00bb soient reprises, a martel\u00e9 Ska Keller.<\/p>\n<p>\u2013 Vague verte \u2013<\/p>\n<p>En tout cas, pour le vert n\u00e9erlandais Bas Eickhout et la t\u00eate de liste des \u00e9cologistes fran\u00e7ais, Yannick Jadot une chose est acquise: l\u2019Europe a sa \u00ab\u00a0vague verte\u00a0\u00bb.<\/p>\n<p>M\u00e9dias, observateurs et politiques en Allemagne ont une explication \u00e0 cette perc\u00e9e: la menace climatique est devenue une th\u00e9matique soci\u00e9tale dominante et une source d\u2019inqui\u00e9tude croissante.<\/p>\n<p>\u00ab\u00a0C\u2019est la premi\u00e8re fois que le changement climatique joue un tel r\u00f4le dans une \u00e9lection\u00a0\u00bb, a not\u00e9 Robert Habeck, un chef des Gr\u00fcnnen.<\/p>\n<p>M\u00eame analyse chez le Premier ministre fran\u00e7ais Edouard Philippe: \u00ab\u00a0Partout en Europe nos concitoyens, en particulier les plus jeunes, nous demandent d\u2019agir avec d\u00e9termination, c\u2019est ce que nous ferons en France et en Europe\u00a0\u00bb.<\/p>\n<p>Avant les \u00e9lections en Allemagne, des enqu\u00eates d\u2019opinion montraient d\u00e9j\u00e0 que 68% des sond\u00e9s jugeaient insuffisante l\u2019action du gouvernement d\u2019Angela Merkel. Il a \u00e9chou\u00e9 \u00e0 atteindre ses objectifs climatique et peine toujours \u00e0 ficeler sa strat\u00e9gie en la mati\u00e8re, du fait notamment de la r\u00e9sistances des industriels et d\u2019une politique \u00e9nerg\u00e9tique trop d\u00e9pendante du charbon.<\/p>\n<p>\u2013 La jeunesse \u2013<\/p>\n<p>L\u2019analyse post-\u00e9lectorale de la t\u00e9l\u00e9vision ARD montre que pour les \u00e9lecteurs en Allemagne cette th\u00e9matique est devenue prioritaire : 46% d\u2019entre eux ont dit que la question \u00e9tait centrale dans leur choix \u00e9lectoral, un bon de 26 points par rapport aux Europ\u00e9ennes de 2014.<\/p>\n<p>Dans l\u2019\u00e9lectorat allemand, une rupture g\u00e9n\u00e9rationnelle se dessine par ailleurs, les Verts arrivant devant les conservateurs parmi les 18-44 ans quand la CDU-CSU de Mme Merkel domine chez les plus de 60 ans.<\/p>\n<p>La mobilisation des jeunesses europ\u00e9ennes tous les vendredis lors des \u00ab\u00a0Fridays For future\u00a0\u00bb autour de leur \u00e9g\u00e9rie su\u00e9doise Greta Thunberg en est une autre illustration.<\/p>\n<p>Ce mouvement a revendiqu\u00e9 des centaines de milliers de manifestants vendredi dans une centaine de pays avec comme mot d\u2019ordre de peser sur le scrutin des Europ\u00e9ennes.<\/p>\n<p>Le Fran\u00e7ais Yannick Jadot a d\u2019ailleurs salu\u00e9 la mobilisation \u00e9lectorale des jeunes en France, qui se sont selon lui \u00ab\u00a0empar\u00e9s de ce scrutin\u00a0\u00bb.<\/p>\n<p>En Allemagne, des dizaines de YouTubeurs ont appel\u00e9 le m\u00eame jour leurs millions d\u2019abonn\u00e9s \u00e0 voter contre les partis du gouvernement Merkel en raison de leur mauvais bilan en mati\u00e8re de climat.<\/p>\n<p>Les \u00e9lections \u00ab\u00a0montrent que nous ne mettons pas la crise climatique seulement \u00e0 l\u2019agenda de la rue mais aussi dans les bureaux de vote\u00a0\u00bb, s\u2019est f\u00e9licit\u00e9e la figure de proue des Fridays for Future en Allemagne, Luisa Neubauer.<\/p>\n<p>\u00ab\u00a0Ce r\u00e9sultat est une invitation \u00e0 toute le spectre politique: attaquez-vous vraiment \u00e0 la crise climatique\u00a0\u00bb, ajoute-t-elle sur twitter, \u00ab\u00a0la plan\u00e8te se fiche de savoir si la protection du climat est de gauche ou lib\u00e9rale\u00a0\u00bb. .<\/p>\n<\/div>\n<p>Auteur: AFP<br \/>\n<a href=\"https:\/\/www.journalducameroun.com\/percee-des-verts-en-europe-occidentale-face-a-lurgence-climatique\/\">Cliquez ici pour lire l&rsquo;article depuis sa source.<\/a><\/p>\n","protected":false},"excerpt":{"rendered":"<p>Publi\u00e9 le 26.05.2019 \u00e0 21h50 par AFP Avec des scores \u00e0 deux chiffres chez des poids lourds de l\u2019UE, en Allemagne en particulier, les partis \u00e9cologistes ont enregistr\u00e9 un succ\u00e8s historique aux Europ\u00e9ennes, l\u2019urgence climatique s\u2019imposant comme un sujet crucial pour les \u00e9lecteurs. Le bond des Gr\u00fcnen allemands \u00e0 20,9% est embl\u00e9matique: le parti multiplie [&hellip;]<\/p>\n","protected":false},"author":1965,"featured_media":0,"comment_status":"closed","ping_status":"closed","sticky":false,"template":"","format":"standard","meta":{"fifu_image_url":"","fifu_image_alt":"","footnotes":""},"categories":[73,82],"tags":[],"class_list":["post-36790","post","type-post","status-publish","format-standard","hentry","category-actualite","category-cameroun"],"_links":{"self":[{"href":"https:\/\/linitiative.ca\/International\/wp-json\/wp\/v2\/posts\/36790","targetHints":{"allow":["GET"]}}],"collection":[{"href":"https:\/\/linitiative.ca\/International\/wp-json\/wp\/v2\/posts"}],"about":[{"href":"https:\/\/linitiative.ca\/International\/wp-json\/wp\/v2\/types\/post"}],"author":[{"embeddable":true,"href":"https:\/\/linitiative.ca\/International\/wp-json\/wp\/v2\/users\/1965"}],"replies":[{"embeddable":true,"href":"https:\/\/linitiative.ca\/International\/wp-json\/wp\/v2\/comments?post=36790"}],"version-history":[{"count":0,"href":"https:\/\/linitiative.ca\/International\/wp-json\/wp\/v2\/posts\/36790\/revisions"}],"wp:attachment":[{"href":"https:\/\/linitiative.ca\/International\/wp-json\/wp\/v2\/media?parent=36790"}],"wp:term":[{"taxonomy":"category","embeddable":true,"href":"https:\/\/linitiative.ca\/International\/wp-json\/wp\/v2\/categories?post=36790"},{"taxonomy":"post_tag","embeddable":true,"href":"https:\/\/linitiative.ca\/International\/wp-json\/wp\/v2\/tags?post=36790"}],"curies":[{"name":"wp","href":"https:\/\/api.w.org\/{rel}","templated":true}]}}