{"id":36791,"date":"2019-05-26T17:18:03","date_gmt":"2019-05-26T21:18:03","guid":{"rendered":"https:\/\/linitiative.ca\/International\/region-des-grands-ponts-lappel-de-pied-dessis-esmel-au-premier-ministre-pour-une-visite-officielle\/"},"modified":"2019-05-26T17:18:03","modified_gmt":"2019-05-26T21:18:03","slug":"region-des-grands-ponts-lappel-de-pied-dessis-esmel-au-premier-ministre-pour-une-visite-officielle","status":"publish","type":"post","link":"https:\/\/linitiative.ca\/International\/region-des-grands-ponts-lappel-de-pied-dessis-esmel-au-premier-ministre-pour-une-visite-officielle\/","title":{"rendered":"R\u00e9gion des Grands Ponts : l\u2019appel de pied d\u2019Essis Esmel au Premier ministre pour une  visite officielle"},"content":{"rendered":"<div readability=\"32\">\n<p>Publi\u00e9 le 26.05.2019 \u00e0 22h18 par APA News<\/p>\n<\/div>\n<div readability=\"75\">\n<p>Le Secr\u00e9taire d\u2019Etat en charge de la Promotion de l\u2019Investissement priv\u00e9, Emmanuel Essis Esmel a invit\u00e9, samedi, Amadou Gon Coulibaly, Premier ministre, ministre du Budget et du portefeuille de l\u2019Etat, Chef du gouvernement \u00e0 effectuer une visite officielle dans la r\u00e9gion des Grands Ponts.C\u2019est la principale dol\u00e9ance formul\u00e9e par le Secr\u00e9taire d\u2019Etat Essis Esmel lors de la c\u00e9l\u00e9bration de la f\u00eate des m\u00e8res de la r\u00e9gion des Grands Ponts dont le Premier ministre en assurant la pr\u00e9sidence s\u2019est fait repr\u00e9senter par le ministre de l\u2019Enseignement sup\u00e9rieur et de la Recherche scientifique, Dr Albert Toikeusse Mabri.<\/p>\n<p>A l\u2019\u00e9missaire \u00a0du chef du gouvernement ivoirien, M. Essis qui s\u2019exprimait au nom des \u00e9lus et cadres de la r\u00e9gion, a transmis un message.<\/p>\n<p>\u00abLes Grands ponts l\u2019attendent. Qu\u2019il organise une visite officielle des Grands ponts, qu\u2019il vienne nous rendre visite. Tout le Grand pont le regarde pour son d\u00e9veloppement \u00bb, a dit le Secr\u00e9taire d\u2019Etat, \u00ab sous le contr\u00f4le de nos chefs \u00bb, selon lui.<\/p>\n<p>Auparavant, il a expliqu\u00e9 \u00e0 l\u2019assistance et plus particuli\u00e8rement \u00a0au repr\u00e9sentant du chef du gouvernement, \u00ab le lien affectif qui lie \u00bb la r\u00e9gion au Premier ministre Amadou Gon Coulibaly.<\/p>\n<p>\u00ab Nous vous (s\u2019adressant \u00e0 M. Mabri) chargeons de rappeler au Premier ministre \u00a0qu\u2019il est bien chez lui dans les Grands ponts, tout comme le pr\u00e9sident de la R\u00e9publique. Il a \u00e9t\u00e9 \u00e0 Dabou et il est li\u00e9 par un lien affectif \u00bb, a dit Emmanuel Essis Esmel.<\/p>\n<p>Il a ajout\u00e9 que \u00ab son enfance scolaire a eu lieu \u00e0 Dabou ; son enfance sociale s\u2019est faite \u00e0 Jacqueville du fait de la grande amiti\u00e9 qui liait son p\u00e8re \u00e0 Son Excellence M. Philippe Gr\u00e9goire Yac\u00e9 \u00bb et de conclure que \u00ab le pr\u00e9sident de la R\u00e9publique et le Premier ministre, sont bien des Grands ponts \u00bb.<\/p>\n<p>La r\u00e9gion des Grands ponts \u00a0comprend les d\u00e9partements de Dabou, de Jacqueville et Grand-Lahou.<\/p>\n<\/div>\n<p>Auteur: APA News<br \/>\n<a href=\"https:\/\/www.journalducameroun.com\/region-des-grands-ponts-lappel-de-pied-dessis-esmel-au-premier-ministre-pour-une-visite-officielle\/\">Cliquez ici pour lire l&rsquo;article depuis sa source.<\/a><\/p>\n","protected":false},"excerpt":{"rendered":"<p>Publi\u00e9 le 26.05.2019 \u00e0 22h18 par APA News Le Secr\u00e9taire d\u2019Etat en charge de la Promotion de l\u2019Investissement priv\u00e9, Emmanuel Essis Esmel a invit\u00e9, samedi, Amadou Gon Coulibaly, Premier ministre, ministre du Budget et du portefeuille de l\u2019Etat, Chef du gouvernement \u00e0 effectuer une visite officielle dans la r\u00e9gion des Grands Ponts.C\u2019est la principale dol\u00e9ance [&hellip;]<\/p>\n","protected":false},"author":1965,"featured_media":0,"comment_status":"closed","ping_status":"closed","sticky":false,"template":"","format":"standard","meta":{"fifu_image_url":"","fifu_image_alt":"","footnotes":""},"categories":[73,82],"tags":[],"class_list":["post-36791","post","type-post","status-publish","format-standard","hentry","category-actualite","category-cameroun"],"_links":{"self":[{"href":"https:\/\/linitiative.ca\/International\/wp-json\/wp\/v2\/posts\/36791","targetHints":{"allow":["GET"]}}],"collection":[{"href":"https:\/\/linitiative.ca\/International\/wp-json\/wp\/v2\/posts"}],"about":[{"href":"https:\/\/linitiative.ca\/International\/wp-json\/wp\/v2\/types\/post"}],"author":[{"embeddable":true,"href":"https:\/\/linitiative.ca\/International\/wp-json\/wp\/v2\/users\/1965"}],"replies":[{"embeddable":true,"href":"https:\/\/linitiative.ca\/International\/wp-json\/wp\/v2\/comments?post=36791"}],"version-history":[{"count":0,"href":"https:\/\/linitiative.ca\/International\/wp-json\/wp\/v2\/posts\/36791\/revisions"}],"wp:attachment":[{"href":"https:\/\/linitiative.ca\/International\/wp-json\/wp\/v2\/media?parent=36791"}],"wp:term":[{"taxonomy":"category","embeddable":true,"href":"https:\/\/linitiative.ca\/International\/wp-json\/wp\/v2\/categories?post=36791"},{"taxonomy":"post_tag","embeddable":true,"href":"https:\/\/linitiative.ca\/International\/wp-json\/wp\/v2\/tags?post=36791"}],"curies":[{"name":"wp","href":"https:\/\/api.w.org\/{rel}","templated":true}]}}