{"id":36792,"date":"2019-05-26T17:50:02","date_gmt":"2019-05-26T21:50:02","guid":{"rendered":"https:\/\/linitiative.ca\/International\/le-president-elu-lituanien-un-pro-europeen-novice-en-politique\/"},"modified":"2019-05-26T17:50:02","modified_gmt":"2019-05-26T21:50:02","slug":"le-president-elu-lituanien-un-pro-europeen-novice-en-politique","status":"publish","type":"post","link":"https:\/\/linitiative.ca\/International\/le-president-elu-lituanien-un-pro-europeen-novice-en-politique\/","title":{"rendered":"Le pr\u00e9sident \u00e9lu lituanien: un pro-europ\u00e9en novice en politique"},"content":{"rendered":"<div readability=\"32\">\n<p>Publi\u00e9 le 26.05.2019 \u00e0 22h50 par AFP<\/p>\n<\/div>\n<div readability=\"140\">\n<p>Le pr\u00e9sident \u00e9lu lituanien Gitanas Nauseda est un pro-europ\u00e9en convaincu, mais novice en politique, qui a fait sa carri\u00e8re dans le secteur bancaire.<\/p>\n<p>Il a largement battu sa concurrente Ingride Simonyte, obtenant 70% des suffrages selon des r\u00e9sultats partiels portant sur pr\u00e8s de 80% des bureaux de vote.<\/p>\n<p>Son dernier poste fut celui de conseiller du pr\u00e9sident de la banque su\u00e9doise SEB, la plus grande banque de Lituanie.<\/p>\n<p>Ses passages fr\u00e9quents \u00e0 la t\u00e9l\u00e9vision en qualit\u00e9 d\u2019expert \u00e9conomique ont permis \u00e0 cet homme mari\u00e9 et p\u00e8re de deux enfants, \u00e2g\u00e9 de 55 ans, de se faire conna\u00eetre et appr\u00e9cier.<\/p>\n<p>\u00ab\u00a0Je suis une t\u00eate br\u00fbl\u00e9e mais, au fil des ans, j\u2019ai appris \u00e0 le cacher\u00a0\u00bb, a-t-il r\u00e9v\u00e9l\u00e9 dans une r\u00e9cente interview au portail d\u2019information 15min.lt.<\/p>\n<p>\u2013 \u00ab\u00a0Id\u00e9es na\u00efves\u00a0\u00bb \u2013<\/p>\n<p>Tr\u00e8s grand \u2013 il mesure pr\u00e8s de deux m\u00e8tres -, M. Nauseda a domin\u00e9 ses huit rivaux lors de la premi\u00e8re manche de la course \u00e0 la pr\u00e9sidentielle, o\u00f9 il est arriv\u00e9 deuxi\u00e8me derri\u00e8re sa coll\u00e8gue \u00e9conomiste et rivale conservatrice, Ingrida Simonyte.<\/p>\n<p>N\u00e9 en 1964 \u00e0 Klaipeda, port de la Baltique en Lituanie occup\u00e9e par l\u2019Union sovi\u00e9tique, M. Nauseda a \u00e9tudi\u00e9 l\u2019\u00e9conomie \u00e0 l\u2019universit\u00e9 de Vilnius, une mati\u00e8re fortement teint\u00e9e d\u2019id\u00e9ologie communiste dans les ann\u00e9es 1980.<\/p>\n<p>Quand la Lituanie a d\u00e9clar\u00e9 son ind\u00e9pendance en 1990, il est parti poursuivre ses \u00e9tudes \u00e0 l\u2019Universit\u00e9 de Mannheim en Allemagne, une exp\u00e9rience tr\u00e8s marquante selon lui.<\/p>\n<p>\u00ab\u00a0En Allemagne, j\u2019ai compris que le mode de vie occidental et l\u2019\u00e9conomie de march\u00e9 \u00e9taient la bonne voie et que les id\u00e9es na\u00efves d\u2019une troisi\u00e8me voie ou d\u2019une voie m\u00e9diane \u00e9taient totalement absurdes\u00a0\u00bb, d\u00e9clare-t-il pendant la campagne \u00e9lectorale.<\/p>\n<p>\u00ab\u00a0Mon attitude occidentale ne va que se renfor\u00e7ant\u00a0\u00bb, insiste celui qui d\u00e9fend l\u2019appartenance de son pays \u00e0 l\u2019Otan et \u00e0 l\u2019Union europ\u00e9enne.<\/p>\n<p>\u2013 construire \u00ab\u00a0l\u2019Etat social\u00a0\u00bb \u2013<\/p>\n<p>Parmi ses mod\u00e8les politiques, M. Nauseda cite l\u2019ancien Premier ministre britannique Winston Churchill, et l\u2019ancien pr\u00e9sident am\u00e9ricain Ronald Reagan, connu pour sa fermet\u00e9 face \u00e0 l\u2019Union sovi\u00e9tique.<\/p>\n<p>En politique \u00e9trang\u00e8re, domaine dans lequel les pr\u00e9sidents lituaniens jouent un r\u00f4le cl\u00e9, il s\u2019est engag\u00e9 \u00e0 \u0153uvrer pour renforcer la pr\u00e9sence militaire am\u00e9ricaine sur le sol de son pays afin de dissuader la Russie voisine de toute d\u00e9marche hostile.<\/p>\n<p>En tant qu\u2019expert \u00e9conomique, il tient \u00e0 renforcer la diplomatie \u00e9conomique et, contrairement \u00e0 l\u2019approche observ\u00e9e par la pr\u00e9sidente sortante, Dalia Grybauskaite, il pr\u00f4ne une plus grande ouverture au dialogue avec le Belarus voisin.<\/p>\n<p>Sur les questions europ\u00e9ennes, Gitanas Nauseda n\u2019est pas favorable \u00e0 ce que l\u2019UE renforce ses pr\u00e9rogatives en mati\u00e8re fiscale, mais soutient l\u2019id\u00e9e fran\u00e7aise de cr\u00e9er une banque europ\u00e9enne du climat.<\/p>\n<p>Jamais affili\u00e9 \u00e0 un parti, M. Nauseda occupera pour la premi\u00e8re fois un poste \u00e9lectif.<\/p>\n<p>Se pla\u00e7ant au centre-droit de l\u2019\u00e9chiquier politique, il s\u2019est engag\u00e9 \u00e0 r\u00e9duire le foss\u00e9 entre riches et pauvres en construisant un \u00ab\u00a0\u00c9tat social\u00a0\u00bb dans ce pays balte membre de la zone euro o\u00f9 un tiers des 2,8 millions d\u2019habitants sont menac\u00e9s de pauvret\u00e9 ou d\u2019exclusion sociale.<\/p>\n<p>Si, pour ses partisans, dont l\u2019ancien pr\u00e9sident Valdas Adamkus, M. Nauseda incarne une nouvelle mani\u00e8re de faire de la politique, ses d\u00e9tracteurs estiment son programme flou et lui reprochent son inexp\u00e9rience politique ainsi que ses liens avec le monde des affaires.<\/p>\n<p>Parlant couramment l\u2019anglais, l\u2019allemand et le russe, M. Nauseda joue aux \u00e9checs et au volleyball. Il collectionne des livres rares. La pi\u00e8ce la plus ancienne de sa riche collection est une histoire de la Prusse par Erasmus Stella, un ouvrage de 38 pages, datant de 1518.<\/p>\n<\/div>\n<p>Auteur: AFP<br \/>\n<a href=\"https:\/\/www.journalducameroun.com\/le-president-elu-lituanien-un-pro-europeen-novice-en-politique\/\">Cliquez ici pour lire l&rsquo;article depuis sa source.<\/a><\/p>\n","protected":false},"excerpt":{"rendered":"<p>Publi\u00e9 le 26.05.2019 \u00e0 22h50 par AFP Le pr\u00e9sident \u00e9lu lituanien Gitanas Nauseda est un pro-europ\u00e9en convaincu, mais novice en politique, qui a fait sa carri\u00e8re dans le secteur bancaire. Il a largement battu sa concurrente Ingride Simonyte, obtenant 70% des suffrages selon des r\u00e9sultats partiels portant sur pr\u00e8s de 80% des bureaux de vote. [&hellip;]<\/p>\n","protected":false},"author":1965,"featured_media":0,"comment_status":"closed","ping_status":"closed","sticky":false,"template":"","format":"standard","meta":{"fifu_image_url":"","fifu_image_alt":"","footnotes":""},"categories":[73,82],"tags":[],"class_list":["post-36792","post","type-post","status-publish","format-standard","hentry","category-actualite","category-cameroun"],"_links":{"self":[{"href":"https:\/\/linitiative.ca\/International\/wp-json\/wp\/v2\/posts\/36792","targetHints":{"allow":["GET"]}}],"collection":[{"href":"https:\/\/linitiative.ca\/International\/wp-json\/wp\/v2\/posts"}],"about":[{"href":"https:\/\/linitiative.ca\/International\/wp-json\/wp\/v2\/types\/post"}],"author":[{"embeddable":true,"href":"https:\/\/linitiative.ca\/International\/wp-json\/wp\/v2\/users\/1965"}],"replies":[{"embeddable":true,"href":"https:\/\/linitiative.ca\/International\/wp-json\/wp\/v2\/comments?post=36792"}],"version-history":[{"count":0,"href":"https:\/\/linitiative.ca\/International\/wp-json\/wp\/v2\/posts\/36792\/revisions"}],"wp:attachment":[{"href":"https:\/\/linitiative.ca\/International\/wp-json\/wp\/v2\/media?parent=36792"}],"wp:term":[{"taxonomy":"category","embeddable":true,"href":"https:\/\/linitiative.ca\/International\/wp-json\/wp\/v2\/categories?post=36792"},{"taxonomy":"post_tag","embeddable":true,"href":"https:\/\/linitiative.ca\/International\/wp-json\/wp\/v2\/tags?post=36792"}],"curies":[{"name":"wp","href":"https:\/\/api.w.org\/{rel}","templated":true}]}}