{"id":36793,"date":"2019-05-26T17:50:04","date_gmt":"2019-05-26T21:50:04","guid":{"rendered":"https:\/\/linitiative.ca\/International\/europeennes-la-ligue-de-salvini-en-tete-en-italie\/"},"modified":"2019-05-26T17:50:04","modified_gmt":"2019-05-26T21:50:04","slug":"europeennes-la-ligue-de-salvini-en-tete-en-italie","status":"publish","type":"post","link":"https:\/\/linitiative.ca\/International\/europeennes-la-ligue-de-salvini-en-tete-en-italie\/","title":{"rendered":"Europ\u00e9ennes: la Ligue de Salvini en t\u00eate en Italie"},"content":{"rendered":"<div readability=\"32\">\n<p>Publi\u00e9 le 26.05.2019 \u00e0 22h50 par AFP<\/p>\n<\/div>\n<div readability=\"46\">\n<p>La Ligue (extr\u00eame droite) de Matteo Salvini est arriv\u00e9e en t\u00eate des europ\u00e9ennes dimanche avec un score compris entre 27 et 31% des voix, selon deux sondages sortie des urnes rendus publics par les t\u00e9l\u00e9visions italiennes.<\/p>\n<p>Le Mouvement Cinq Etoiles (M5S, antisyst\u00e8me), l\u2019autre composante de la majorit\u00e9 gouvernementale au pouvoir en Italie, r\u00e9alise un score compris entre 18,5 et 23% des voix, selon ces estimations, derri\u00e8re le Parti d\u00e9mocrate (PD, centre-gauche) qui r\u00e9alise un score compris entre 21 et 25%.<\/p>\n<\/div>\n<p>Auteur: AFP<br \/>\n<a href=\"https:\/\/www.journalducameroun.com\/europeennes-la-ligue-de-salvini-en-tete-en-italie\/\">Cliquez ici pour lire l&rsquo;article depuis sa source.<\/a><\/p>\n","protected":false},"excerpt":{"rendered":"<p>Publi\u00e9 le 26.05.2019 \u00e0 22h50 par AFP La Ligue (extr\u00eame droite) de Matteo Salvini est arriv\u00e9e en t\u00eate des europ\u00e9ennes dimanche avec un score compris entre 27 et 31% des voix, selon deux sondages sortie des urnes rendus publics par les t\u00e9l\u00e9visions italiennes. Le Mouvement Cinq Etoiles (M5S, antisyst\u00e8me), l\u2019autre composante de la majorit\u00e9 gouvernementale [&hellip;]<\/p>\n","protected":false},"author":1965,"featured_media":0,"comment_status":"closed","ping_status":"closed","sticky":false,"template":"","format":"standard","meta":{"fifu_image_url":"","fifu_image_alt":"","footnotes":""},"categories":[73,82],"tags":[],"class_list":["post-36793","post","type-post","status-publish","format-standard","hentry","category-actualite","category-cameroun"],"_links":{"self":[{"href":"https:\/\/linitiative.ca\/International\/wp-json\/wp\/v2\/posts\/36793","targetHints":{"allow":["GET"]}}],"collection":[{"href":"https:\/\/linitiative.ca\/International\/wp-json\/wp\/v2\/posts"}],"about":[{"href":"https:\/\/linitiative.ca\/International\/wp-json\/wp\/v2\/types\/post"}],"author":[{"embeddable":true,"href":"https:\/\/linitiative.ca\/International\/wp-json\/wp\/v2\/users\/1965"}],"replies":[{"embeddable":true,"href":"https:\/\/linitiative.ca\/International\/wp-json\/wp\/v2\/comments?post=36793"}],"version-history":[{"count":0,"href":"https:\/\/linitiative.ca\/International\/wp-json\/wp\/v2\/posts\/36793\/revisions"}],"wp:attachment":[{"href":"https:\/\/linitiative.ca\/International\/wp-json\/wp\/v2\/media?parent=36793"}],"wp:term":[{"taxonomy":"category","embeddable":true,"href":"https:\/\/linitiative.ca\/International\/wp-json\/wp\/v2\/categories?post=36793"},{"taxonomy":"post_tag","embeddable":true,"href":"https:\/\/linitiative.ca\/International\/wp-json\/wp\/v2\/tags?post=36793"}],"curies":[{"name":"wp","href":"https:\/\/api.w.org\/{rel}","templated":true}]}}