{"id":36794,"date":"2019-05-26T17:50:05","date_gmt":"2019-05-26T21:50:05","guid":{"rendered":"https:\/\/linitiative.ca\/International\/naufrage-en-rdc-au-moins-30-morts-et-des-dizaines-de-disparus\/"},"modified":"2019-05-26T17:50:05","modified_gmt":"2019-05-26T21:50:05","slug":"naufrage-en-rdc-au-moins-30-morts-et-des-dizaines-de-disparus","status":"publish","type":"post","link":"https:\/\/linitiative.ca\/International\/naufrage-en-rdc-au-moins-30-morts-et-des-dizaines-de-disparus\/","title":{"rendered":"Naufrage en RDC: au moins 30 morts et des dizaines de disparus"},"content":{"rendered":"<div readability=\"32\">\n<p>Publi\u00e9 le 26.05.2019 \u00e0 22h50 par AFP<\/p>\n<\/div>\n<div readability=\"87\">\n<p>Au moins 30 personnes ont \u00e9t\u00e9 tu\u00e9es et plusieurs dizaines d\u2019autres port\u00e9es disparues dans le naufrage samedi soir d\u2019une embarcation sur le lac Mai-Ndombe dans l\u2019ouest de la R\u00e9publique d\u00e9mocratique du Congo, a-t-on appris dimanche soir de source locale.<\/p>\n<p>\u00ab\u00a0Jusqu\u2019ici nous avons retrouv\u00e9 30 corps sans vie, douze femmes, onze enfants et sept hommes\u00a0\u00bb, a d\u00e9clar\u00e9 le maire d\u2019Inongo (une localit\u00e9 sur le lac), Simon Mbo Wemba, joint par plusieurs m\u00e9dias dont l\u2019AFP.<\/p>\n<p>\u00ab\u00a0Le bilan est encore provisoire\u00a0\u00bb, a-t-il ajout\u00e9. \u00ab\u00a0Il y a 183 rescap\u00e9s. D\u2019apr\u00e8s eux, le bateau avait embarqu\u00e9 plus de 350 passagers\u00a0\u00bb, a-t-il ajout\u00e9, pr\u00e9cisant que les recherches allaient se poursuivre sur le lac Mai-Ndombe, dans la province du m\u00eame nom qui se trouve au nord de Kinshasa.<\/p>\n<p>Le nombre exact de passagers est difficile \u00e0 \u00e9tablir en raison de la pr\u00e9sence de clandestins sur ce bateau de type \u00ab\u00a0baleini\u00e8re\u00a0\u00bb, \u00e0 savoir une embarcation en bois \u00e0 fond plat, de 15 \u00e0 30 m\u00e8tres de long sur 2 \u00e0 6 m\u00e8tres de large. Le maire a point\u00e9 \u00ab\u00a0l\u2019\u00e9tat de v\u00e9tust\u00e9 de la baleini\u00e8re\u00a0\u00bb.<\/p>\n<p>La R\u00e9publique d\u00e9mocratique du Congo, plus grand pays d\u2019Afrique sub-saharienne quasi-d\u00e9pourvu de routes, est souvent endeuill\u00e9e par ce genre de trag\u00e9die.<\/p>\n<p>Mi-avril, au moins quinze personnes avaient \u00e9t\u00e9 tu\u00e9es et des dizaines d\u2019autres port\u00e9es disparues dans le naufrage d\u2019une embarcation entre Goma et le territoire de Kalehe sur le lac Kivu (est).<\/p>\n<p>Au chevet des victimes, le nouveau pr\u00e9sident de la RDC F\u00e9lix Tshisekedi avait annonc\u00e9 le port obligatoire de gilets de sauvetage par les passagers voyageant sur le lac Kivu.<\/p>\n<p>En RDC, les naufrages se soldent souvent par des bilans tr\u00e8s lourds en raison de la surcharge et de la v\u00e9tust\u00e9 des embarcations, de l\u2019absence de gilets de sauvetage \u00e0 bord et du fait que beaucoup de passagers ne savent pas nager.<\/p>\n<p>Immense pays de 2,3 millions de km2, la RDC ne compte que tr\u00e8s peu de route praticables. Les d\u00e9placements se font donc souvent sur le fleuve Congo, ses affluents et les lacs.<\/p>\n<\/div>\n<p>Auteur: AFP<br \/>\n<a href=\"https:\/\/www.journalducameroun.com\/naufrage-en-rdc-au-moins-30-morts-et-des-dizaines-de-disparus\/\">Cliquez ici pour lire l&rsquo;article depuis sa source.<\/a><\/p>\n","protected":false},"excerpt":{"rendered":"<p>Publi\u00e9 le 26.05.2019 \u00e0 22h50 par AFP Au moins 30 personnes ont \u00e9t\u00e9 tu\u00e9es et plusieurs dizaines d\u2019autres port\u00e9es disparues dans le naufrage samedi soir d\u2019une embarcation sur le lac Mai-Ndombe dans l\u2019ouest de la R\u00e9publique d\u00e9mocratique du Congo, a-t-on appris dimanche soir de source locale. \u00ab\u00a0Jusqu\u2019ici nous avons retrouv\u00e9 30 corps sans vie, douze [&hellip;]<\/p>\n","protected":false},"author":1965,"featured_media":0,"comment_status":"closed","ping_status":"closed","sticky":false,"template":"","format":"standard","meta":{"fifu_image_url":"","fifu_image_alt":"","footnotes":""},"categories":[73,82],"tags":[],"class_list":["post-36794","post","type-post","status-publish","format-standard","hentry","category-actualite","category-cameroun"],"_links":{"self":[{"href":"https:\/\/linitiative.ca\/International\/wp-json\/wp\/v2\/posts\/36794","targetHints":{"allow":["GET"]}}],"collection":[{"href":"https:\/\/linitiative.ca\/International\/wp-json\/wp\/v2\/posts"}],"about":[{"href":"https:\/\/linitiative.ca\/International\/wp-json\/wp\/v2\/types\/post"}],"author":[{"embeddable":true,"href":"https:\/\/linitiative.ca\/International\/wp-json\/wp\/v2\/users\/1965"}],"replies":[{"embeddable":true,"href":"https:\/\/linitiative.ca\/International\/wp-json\/wp\/v2\/comments?post=36794"}],"version-history":[{"count":0,"href":"https:\/\/linitiative.ca\/International\/wp-json\/wp\/v2\/posts\/36794\/revisions"}],"wp:attachment":[{"href":"https:\/\/linitiative.ca\/International\/wp-json\/wp\/v2\/media?parent=36794"}],"wp:term":[{"taxonomy":"category","embeddable":true,"href":"https:\/\/linitiative.ca\/International\/wp-json\/wp\/v2\/categories?post=36794"},{"taxonomy":"post_tag","embeddable":true,"href":"https:\/\/linitiative.ca\/International\/wp-json\/wp\/v2\/tags?post=36794"}],"curies":[{"name":"wp","href":"https:\/\/api.w.org\/{rel}","templated":true}]}}