{"id":36815,"date":"2019-05-26T07:16:58","date_gmt":"2019-05-26T11:16:58","guid":{"rendered":"https:\/\/linitiative.ca\/International\/developpement-economique-la-suisse-apporte-sa-pierre-a-ledifice\/"},"modified":"2019-05-26T07:16:58","modified_gmt":"2019-05-26T11:16:58","slug":"developpement-economique-la-suisse-apporte-sa-pierre-a-ledifice","status":"publish","type":"post","link":"https:\/\/linitiative.ca\/International\/developpement-economique-la-suisse-apporte-sa-pierre-a-ledifice\/","title":{"rendered":"D\u00e9veloppement \u00e9conomique : la Suisse apporte sa pierre \u00e0 l\u2019\u00e9difice"},"content":{"rendered":"<div class=\"featured-area featured-area-inner\"><img loading=\"lazy\" decoding=\"async\" width=\"500\" height=\"348\" src=\"https:\/\/i2.wp.com\/ecomatin.net\/wp-content\/uploads\/2019\/05\/ecomatin.net-developpement-economique-la-suisse-apporte-sa-pierre-a-ledifice-sic-cacaos.jpg?resize=500%2C348&#038;ssl=1&#038;is-pending-load=1\" class=\"attachment-jannah-image-post size-jannah-image-post wp-post-image jetpack-lazy-image\" alt=\"\" data-attachment-id=\"8473\" data-permalink=\"https:\/\/ecomatin.net\/developpement-economique-la-suisse-apporte-sa-pierre-a-ledifice\/sic-cacaos\/\" data-orig-file=\"https:\/\/i2.wp.com\/ecomatin.net\/wp-content\/uploads\/2019\/05\/ecomatin.net-developpement-economique-la-suisse-apporte-sa-pierre-a-ledifice-sic-cacaos.jpg?fit=500%2C348&#038;ssl=1\" data-orig-size=\"500,348\" data-comments-opened=\"0\" data-image-meta=\"{\"aperture\":\"0\",\"credit\":\"\",\"camera\":\"\",\"caption\":\"\",\"created_timestamp\":\"0\",\"copyright\":\"\",\"focal_length\":\"0\",\"iso\":\"0\",\"shutter_speed\":\"0\",\"title\":\"\",\"orientation\":\"0\"}\" data-image-title=\"Sic cacaos\" data-image-description=\"\" data-medium-file=\"https:\/\/i2.wp.com\/ecomatin.net\/wp-content\/uploads\/2019\/05\/ecomatin.net-developpement-economique-la-suisse-apporte-sa-pierre-a-ledifice-sic-cacaos.jpg?fit=300%2C209&#038;ssl=1\" data-large-file=\"https:\/\/i2.wp.com\/ecomatin.net\/wp-content\/uploads\/2019\/05\/ecomatin.net-developpement-economique-la-suisse-apporte-sa-pierre-a-ledifice-sic-cacaos.jpg?fit=500%2C348&#038;ssl=1\" data-lazy-srcset=\"https:\/\/i2.wp.com\/ecomatin.net\/wp-content\/uploads\/2019\/05\/ecomatin.net-developpement-economique-la-suisse-apporte-sa-pierre-a-ledifice-sic-cacaos.jpg?w=500&#038;ssl=1 500w, https:\/\/i2.wp.com\/ecomatin.net\/wp-content\/uploads\/2019\/05\/ecomatin.net-developpement-economique-la-suisse-apporte-sa-pierre-a-ledifice-sic-cacaos.jpg?resize=300%2C209&#038;ssl=1 300w\" data-lazy-sizes=\"(max-width: 500px) 100vw, 500px\" srcset=\"data:image\/gif;base64,R0lGODlhAQABAIAAAAAAAP\/\/\/yH5BAEAAAAALAAAAAABAAEAAAIBRAA7\"\/><\/div>\n<div class=\"entry-content entry clearfix\" readability=\"61.2231848185\">\n<p>Les liens de coop\u00e9ration entre le Cameroun et la Suisse continuent de se renforcer. Apr\u00e8s l\u2019audience accord\u00e9e en avril dernier, Le pr\u00e9sident de la R\u00e9publique a une fois de plus re\u00e7u hier, l\u2019ambassadeur <strong>Pietro Lazzeri<\/strong>, cette fois, accompagn\u00e9 de l\u2019industriel <strong>Antoine de Saint-Afrique<\/strong>, PDG de <strong>Barry Callebaut<\/strong>, leader mondial dans la transformation du cacao.<\/p>\n<hr\/>\n<h4><strong>>> Lire aussi \u2013 <a title=\"Le Cameroun vise un taux transformation du cacao de 50% en 2020\" href=\"https:\/\/ecomatin.net\/le-cameroun-vise-un-taux-transformation-du-cacao-de-50-en-2020\/\" target=\"_blank\" rel=\"noopener noreferrer\">Le Cameroun vise un taux transformation du cacao de 50% en 2020<\/a><br \/><\/strong><\/h4>\n<hr\/>\n<p>Au menu des \u00e9changes les questions socio-\u00e9conomiques qui occupent actuellement une place pr\u00e9pond\u00e9rante au Cameroun, parmi lesquelles la lutte contre le ch\u00f4mage. L\u2019ambassadeur Lazzeri a r\u00e9v\u00e9l\u00e9 \u00e0 l\u2019issue des discussions avec le Chef de l\u2019Etat que son pays est d\u00e9sireux de stimuler la croissance au Cameroun et de lutter contre le ch\u00f4mage des jeunes. Et au PDG du groupe Barry Callebaut de rajouter\u00a0: <em>\u00ab\u00a0Nous sommes ici pour discuter de la croissance de l\u2019industrie au Cameroun\u00a0; de ce que nous pouvons faire pour soutenir le secteur de la transformation, pour aider les agriculteurs et les entrepreneurs agricoles \u00e0 se d\u00e9velopper davantage de mani\u00e8re \u00e0 obtenir une meilleure qualit\u00e9 et une plus grande quantit\u00e9 de produits<\/em>\u00a0\u00bb.<\/p>\n<hr\/>\n<h4><strong>>> Lire aussi \u2013 <a title=\"Cacao-caf\u00e9: les objectifs du gouvernement \u00e0 l\u2019horizon 2020 ne seront pas atteints\" href=\"https:\/\/ecomatin.net\/cacao-cafe-les-objectifs-du-gouvernement-a-lhorizon-2020-ne-seront-pas-atteints\/\" target=\"_blank\" rel=\"noopener noreferrer\">Cacao-caf\u00e9: les objectifs du gouvernement \u00e0 l\u2019horizon 2020 ne seront pas atteints<\/a><br \/><\/strong><\/h4>\n<hr\/>\n<p>En effet, le groupe Barry Callebaut apr\u00e8s \u00ab\u00a0<em>l\u2019\u00e9valuation de ses activit\u00e9s qui contribue depuis plusieurs d\u00e9cennies au d\u00e9veloppement du Cameroun\u2009<\/em><em>\u00bb,<\/em> compte s\u2019investir dans la formation socio-professionnelle des jeunes au Cameroun\u00a0<em>: \u00ab\u00a0Le groupe fait des affaires, mais il contribue aussi au d\u00e9veloppement du pays, il investit dans la formation des collaborateurs et collaboratrice et il va continuer \u00e0 former les jeunes<\/em>\u00a0\u00bb, a soulign\u00e9 l\u2019ambassadeur.<\/p>\n<hr\/>\n<h4><strong>>> Lire aussi \u2013 <a title=\"Cacao-caf\u00e9: une niche de m\u00e9tiers sous-explor\u00e9e au Cameroun\" href=\"https:\/\/ecomatin.net\/cacao-cafe-une-niche-de-metiers-sous-exploree-au-cameroun\/\" target=\"_blank\" rel=\"noopener noreferrer\">Cacao-caf\u00e9: une niche de m\u00e9tiers sous-explor\u00e9e au Cameroun<\/a><br \/><\/strong><\/h4>\n<hr\/>\n<p>Pr\u00e9sente au Cameroun depuis des d\u00e9cennies, cette firme multinationale bas\u00e9e \u00e0 Zurich en Suisse, est visible \u00e0 travers sa filiale <strong>SIC Cacao<\/strong> (Soci\u00e9t\u00e9 industrielle camerounaises des cacaos), principal transformateur de cacao du pays.<em>\u00a0<\/em>Le groupe qui exploite plus de <strong>50 sites de production<\/strong> dans le monde et emploie <strong>9300 personnes<\/strong>, a augment\u00e9 de <strong>60%<\/strong> son volume de f\u00e8ves broy\u00e9es au cours de la campagne 2017\/2018<\/p>\n<div class=\"about-author about-author-box container-wrapper\">\n<div class=\"author-avatar\">\n<p><img decoding=\"async\" src=\"http:\/\/\" alt=\"\"\/><\/p>\n<\/div>\n<p><h4>La R\u00e9daction EcoMatin<\/h4>\n<\/p>\n<\/div>\n<div class=\"awac-wrapper awac widget blog_subscription-2\">\n<h4 class=\"widget-title\">Abonnez-vous \u00e0 notre lettre d&rsquo;information<\/h4>\n<\/div>\n<\/div>\n<div class=\"toggle-post-content clearfix\"><a id=\"toggle-post-button\" class=\"button\" href=\"#\">Afficher plus <\/a><\/div>\n<p>Auteur: EcoMatin<br \/>\n<a href=\"https:\/\/ecomatin.net\/developpement-economique-la-suisse-apporte-sa-pierre-a-ledifice\/\">Cliquez ici pour lire l&rsquo;article depuis sa source.<\/a><\/p>\n","protected":false},"excerpt":{"rendered":"<p>Les liens de coop\u00e9ration entre le Cameroun et la Suisse continuent de se renforcer. Apr\u00e8s l\u2019audience accord\u00e9e en avril dernier, Le pr\u00e9sident de la R\u00e9publique a une fois de plus re\u00e7u hier, l\u2019ambassadeur Pietro Lazzeri, cette fois, accompagn\u00e9 de l\u2019industriel Antoine de Saint-Afrique, PDG de Barry Callebaut, leader mondial dans la transformation du cacao. >> [&hellip;]<\/p>\n","protected":false},"author":1969,"featured_media":0,"comment_status":"closed","ping_status":"closed","sticky":false,"template":"","format":"standard","meta":{"fifu_image_url":"","fifu_image_alt":"","footnotes":""},"categories":[82,78],"tags":[],"class_list":["post-36815","post","type-post","status-publish","format-standard","hentry","category-cameroun","category-economie"],"_links":{"self":[{"href":"https:\/\/linitiative.ca\/International\/wp-json\/wp\/v2\/posts\/36815","targetHints":{"allow":["GET"]}}],"collection":[{"href":"https:\/\/linitiative.ca\/International\/wp-json\/wp\/v2\/posts"}],"about":[{"href":"https:\/\/linitiative.ca\/International\/wp-json\/wp\/v2\/types\/post"}],"author":[{"embeddable":true,"href":"https:\/\/linitiative.ca\/International\/wp-json\/wp\/v2\/users\/1969"}],"replies":[{"embeddable":true,"href":"https:\/\/linitiative.ca\/International\/wp-json\/wp\/v2\/comments?post=36815"}],"version-history":[{"count":0,"href":"https:\/\/linitiative.ca\/International\/wp-json\/wp\/v2\/posts\/36815\/revisions"}],"wp:attachment":[{"href":"https:\/\/linitiative.ca\/International\/wp-json\/wp\/v2\/media?parent=36815"}],"wp:term":[{"taxonomy":"category","embeddable":true,"href":"https:\/\/linitiative.ca\/International\/wp-json\/wp\/v2\/categories?post=36815"},{"taxonomy":"post_tag","embeddable":true,"href":"https:\/\/linitiative.ca\/International\/wp-json\/wp\/v2\/tags?post=36815"}],"curies":[{"name":"wp","href":"https:\/\/api.w.org\/{rel}","templated":true}]}}