{"id":36816,"date":"2019-05-26T07:37:59","date_gmt":"2019-05-26T11:37:59","guid":{"rendered":"https:\/\/linitiative.ca\/International\/elevage-le-gouvernement-veut-auditer-la-gestion-du-programme-acefa\/"},"modified":"2019-05-26T07:37:59","modified_gmt":"2019-05-26T11:37:59","slug":"elevage-le-gouvernement-veut-auditer-la-gestion-du-programme-acefa","status":"publish","type":"post","link":"https:\/\/linitiative.ca\/International\/elevage-le-gouvernement-veut-auditer-la-gestion-du-programme-acefa\/","title":{"rendered":"Elevage : le gouvernement veut auditer la gestion du Programme ACEFA"},"content":{"rendered":"<p>Le ministre des Finances (Minfi), <strong>Louis Paul Motaze<\/strong> vient de lancer pour le compte de son d\u00e9partement\u00a0 minist\u00e9riel un appel d\u2019offres national restreint pour la s\u00e9lection d\u2019un cabinet charg\u00e9 de r\u00e9aliser l\u2019audit comptable et financier du Programme de consolidation de p\u00e9rennisation du dispositif agropastoral au Cameroun <strong>(PCP ACEFA)<\/strong> pour les exercices 2018, 2019, 2020, 2021 et 2022.<\/p>\n<hr\/>\n<h4><strong>>> Lire aussi \u2013 <a title=\"Agriculture : Soci\u00e9t\u00e9 G\u00e9n\u00e9rale g\u00e8re un fonds de 3,7 milliards pour le Pea-jeunes\" href=\"https:\/\/ecomatin.net\/agriculture-societe-generale-gere-un-fonds-de-37-milliards-pour-le-pea-jeunes\/\" target=\"_blank\" rel=\"noopener noreferrer\">Agriculture : Soci\u00e9t\u00e9 G\u00e9n\u00e9rale g\u00e8re un fonds de 3,7 milliards pour le Pea-jeunes<\/a><br \/><\/strong><\/h4>\n<hr\/>\n<p>Selon le Minfi, l\u2019objectif de l\u2019audit est \u00ab d\u2019exprimer une opinion professionnelle ind\u00e9pendante\u00a0 sur la situation comptable et financi\u00e8re du programme et notamment des d\u00e9penses effectu\u00e9es dans la p\u00e9riode consid\u00e9r\u00e9e, au regard : de la gestion administrative, comptable et financi\u00e8re du Programme ; du respect des proc\u00e9dures pr\u00e9vues pour la mise en \u0153uvre du Programme, dans la Convention d\u2019affection ainsi que dans les diff\u00e9rents documents dudit Programme, notamment le manuel de Proc\u00e9dures ( en particulier les proc\u00e9dures de passation des march\u00e9s et le respect du circuit financier), afin de s\u2019assurer que les fonds mis \u00e0 la disposition du programme aient \u00e9t\u00e9 utilis\u00e9s conform\u00e9ment aux fins pour lesquelles ils ont \u00e9t\u00e9 octroy\u00e9s \u00bb, pr\u00e9cise-t-il\u00a0 .<\/p>\n<p>Concr\u00e8tement, le r\u00f4le de l\u2019auditeur s\u00e9lectionn\u00e9 sera de formuler une opinion professionnelle et ind\u00e9pendante sur les \u00e9tats financiers\u00a0 de m\u00eame qu\u2019une opinion sur la conformit\u00e9 des d\u00e9penses de mani\u00e8re \u00e0 s\u2019assurer que les fonds sont g\u00e9r\u00e9s conform\u00e9ment aux r\u00e8gles et proc\u00e9dures \u00e9tablies dans la documentation contractuelle du <strong>C2D<\/strong> et utilis\u00e9s aux fins pour lesquelles ils ont \u00e9t\u00e9 allou\u00e9s.<\/p>\n<p>Par ailleurs, le dossier d\u2019appel d\u2019offres peut \u00eatre obtenu aupr\u00e8s des Services du maitre d\u2019ouvrage, au b\u00e2timent du Minfi, direction des ressources financi\u00e8res, Sous-direction du budget et du mat\u00e9riel ou encore le Service des march\u00e9s.\u00a0 Son acquisition se fait sur pr\u00e9sentation d\u2019une quittance de versement au Tr\u00e9sor public contre la somme non remboursable de <strong>70 000 FCFA<\/strong> au titre des frais d\u2019achat du dossier.<\/p>\n<hr\/>\n<h4><strong>>> Lire aussi \u2013 <a title=\"Agriculture: o\u00f9 en est-on des programmes agropoles?\" href=\"https:\/\/ecomatin.net\/45-programmes-agropoles-crees-au-cours-des-cinq-dernieres-annees-au-cameroun\/\" target=\"_blank\" rel=\"noopener noreferrer\">Agriculture: o\u00f9 en est-on des programmes agropoles?<\/a><br \/><\/strong><\/h4>\n<hr\/>\n<p>C\u2019est en 2017 que l\u2019Etat, avec l\u2019accompagnement du gouvernement fran\u00e7ais \u00e0 travers l\u2019Agence fran\u00e7aise de d\u00e9veloppement, a lanc\u00e9 le <strong>Programme ACEFA<\/strong> pour accompagner les exploitations agropastorales camerounaises \u00e0 travers un accompagnement de <strong>63 milliards FCFA<\/strong>. Il vise \u00e0 am\u00e9liorer les revenus des exploitations familiales, moderniser l\u2019appareil de par le financement des projets d\u2019investissement des organisations de producteurs et \u00e0\u00a0 institutionnaliser le dispositif de conseil agropastoral par la cr\u00e9ation d\u2019une agence cog\u00e9r\u00e9e par la Profession et l\u2019Etat et renforcer la capacit\u00e9 de repr\u00e9sentation des producteurs.<\/p>\n<div class=\"about-author about-author-box container-wrapper\">\n<div class=\"author-avatar\">\n<p><img decoding=\"async\" src=\"http:\/\/\" alt=\"\"\/><\/p>\n<\/div>\n<p><h4>La R\u00e9daction EcoMatin<\/h4>\n<\/p>\n<\/div>\n<div class=\"awac-wrapper awac widget blog_subscription-2\">\n<h4 class=\"widget-title\">Abonnez-vous \u00e0 notre lettre d&rsquo;information<\/h4>\n<\/div>\n<p>Auteur: EcoMatin<br \/>\n<a href=\"https:\/\/ecomatin.net\/elevage-le-gouvernement-veut-auditer-la-gestion-du-programme-acefa\/\">Cliquez ici pour lire l&rsquo;article depuis sa source.<\/a><\/p>\n","protected":false},"excerpt":{"rendered":"<p>Le ministre des Finances (Minfi), Louis Paul Motaze vient de lancer pour le compte de son d\u00e9partement\u00a0 minist\u00e9riel un appel d\u2019offres national restreint pour la s\u00e9lection d\u2019un cabinet charg\u00e9 de r\u00e9aliser l\u2019audit comptable et financier du Programme de consolidation de p\u00e9rennisation du dispositif agropastoral au Cameroun (PCP ACEFA) pour les exercices 2018, 2019, 2020, 2021 [&hellip;]<\/p>\n","protected":false},"author":1969,"featured_media":0,"comment_status":"closed","ping_status":"closed","sticky":false,"template":"","format":"standard","meta":{"fifu_image_url":"","fifu_image_alt":"","footnotes":""},"categories":[82,78],"tags":[],"class_list":["post-36816","post","type-post","status-publish","format-standard","hentry","category-cameroun","category-economie"],"_links":{"self":[{"href":"https:\/\/linitiative.ca\/International\/wp-json\/wp\/v2\/posts\/36816","targetHints":{"allow":["GET"]}}],"collection":[{"href":"https:\/\/linitiative.ca\/International\/wp-json\/wp\/v2\/posts"}],"about":[{"href":"https:\/\/linitiative.ca\/International\/wp-json\/wp\/v2\/types\/post"}],"author":[{"embeddable":true,"href":"https:\/\/linitiative.ca\/International\/wp-json\/wp\/v2\/users\/1969"}],"replies":[{"embeddable":true,"href":"https:\/\/linitiative.ca\/International\/wp-json\/wp\/v2\/comments?post=36816"}],"version-history":[{"count":0,"href":"https:\/\/linitiative.ca\/International\/wp-json\/wp\/v2\/posts\/36816\/revisions"}],"wp:attachment":[{"href":"https:\/\/linitiative.ca\/International\/wp-json\/wp\/v2\/media?parent=36816"}],"wp:term":[{"taxonomy":"category","embeddable":true,"href":"https:\/\/linitiative.ca\/International\/wp-json\/wp\/v2\/categories?post=36816"},{"taxonomy":"post_tag","embeddable":true,"href":"https:\/\/linitiative.ca\/International\/wp-json\/wp\/v2\/tags?post=36816"}],"curies":[{"name":"wp","href":"https:\/\/api.w.org\/{rel}","templated":true}]}}