{"id":36817,"date":"2019-05-26T07:56:44","date_gmt":"2019-05-26T11:56:44","guid":{"rendered":"https:\/\/linitiative.ca\/International\/mairie-de-douala-5-deux-adjoints-au-maire-suspendus-de-signature\/"},"modified":"2019-05-26T07:56:44","modified_gmt":"2019-05-26T11:56:44","slug":"mairie-de-douala-5-deux-adjoints-au-maire-suspendus-de-signature","status":"publish","type":"post","link":"https:\/\/linitiative.ca\/International\/mairie-de-douala-5-deux-adjoints-au-maire-suspendus-de-signature\/","title":{"rendered":"Mairie de Douala 5: deux adjoints au Maire suspendus de signature"},"content":{"rendered":"<div class=\"featured-area featured-area-inner\"><img loading=\"lazy\" decoding=\"async\" width=\"780\" height=\"405\" src=\"https:\/\/i1.wp.com\/ecomatin.net\/wp-content\/uploads\/2019\/05\/ecomatin.net-mairie-de-douala-5-deux-adjoints-au-maire-suspendus-de-signature-gustave-ebanda-1.jpg?resize=780%2C405&#038;ssl=1&#038;is-pending-load=1\" class=\"attachment-jannah-image-post size-jannah-image-post wp-post-image jetpack-lazy-image\" alt=\"\" data-attachment-id=\"8480\" data-permalink=\"https:\/\/ecomatin.net\/mairie-de-douala-5-deux-adjoints-au-maire-suspendus-de-signature\/gustave-ebanda-2\/\" data-orig-file=\"https:\/\/i1.wp.com\/ecomatin.net\/wp-content\/uploads\/2019\/05\/ecomatin.net-mairie-de-douala-5-deux-adjoints-au-maire-suspendus-de-signature-gustave-ebanda-1.jpg?fit=812%2C719&#038;ssl=1\" data-orig-size=\"812,719\" data-comments-opened=\"0\" data-image-meta=\"{\"aperture\":\"0\",\"credit\":\"\",\"camera\":\"\",\"caption\":\"\",\"created_timestamp\":\"1558875160\",\"copyright\":\"\",\"focal_length\":\"0\",\"iso\":\"0\",\"shutter_speed\":\"0\",\"title\":\"\",\"orientation\":\"1\"}\" data-image-title=\"Gustave Ebanda\" data-image-description=\"\" data-medium-file=\"https:\/\/i1.wp.com\/ecomatin.net\/wp-content\/uploads\/2019\/05\/ecomatin.net-mairie-de-douala-5-deux-adjoints-au-maire-suspendus-de-signature-gustave-ebanda-1.jpg?fit=300%2C266&#038;ssl=1\" data-large-file=\"https:\/\/i1.wp.com\/ecomatin.net\/wp-content\/uploads\/2019\/05\/ecomatin.net-mairie-de-douala-5-deux-adjoints-au-maire-suspendus-de-signature-gustave-ebanda-1.jpg?fit=812%2C719&#038;ssl=1\" srcset=\"data:image\/gif;base64,R0lGODlhAQABAIAAAAAAAP\/\/\/yH5BAEAAAAALAAAAAABAAEAAAIBRAA7\"\/> Gustave Ebanda, Maire<\/div>\n<div class=\"entry-content entry clearfix\" readability=\"68\">\n<p>Le conseil de Communaut\u00e9 d\u2019arrondissement de Douala 5\u00e8me a r\u00e9cemment \u00e9valu\u00e9 l\u2019ex\u00e9cution de son budget au premier trimestre 2019. Au sortir de ce conseil, tr\u00e8s attendu, la petite municipalit\u00e9 affiche un taux d\u2019ex\u00e9cution satisfaisant du budget 2019 arr\u00eat\u00e9 en recettes et en d\u00e9penses \u00e0 la somme de <strong>2.943.325.065 de Fcfa<\/strong>. Parmi les priorit\u00e9s inscrites exercice en cours, <strong>Gustave Ebanda<\/strong>, le Maire de Douala 5\u00e8me, pr\u00e9voit la poursuite de divers chantiers: r\u00e9habilitation de la voirie urbaine, fournitures en eau potable, lutte contre l\u2019insalubrit\u00e9, dotation de la Mairie en mat\u00e9riel, fourniture en eau potable, distribution des paquets minimums, dotations aux h\u00f4pitaux etc\u2026..<\/p>\n<p>Ce tableau satisfaisant de l\u2019\u0153uvre du Maire de Douala 5\u00e8me voile le malaise qui r\u00e8gne au sein de cette municipalit\u00e9. Gustave Ebanda vient en effet de remettre de l\u2019ordre dans certains postes de responsabilit\u00e9s. Parmi ses conseillers pr\u00e9cis\u00e9ment. C\u2019est ainsi que son 1er adjoint, <strong>Beno\u00eet Nsom<\/strong>, s\u2019est fait retirer sa signature. De sources internes, le Maire a demand\u00e9 et obtenu cette formalit\u00e9 restrictive faisant suite \u00e0 de graves prises ill\u00e9gales d\u2019int\u00e9r\u00eats constat\u00e9es. Le 1er adjoint au Maire de Douala 5\u00e8me s\u2019est illustr\u00e9 de fa\u00e7on r\u00e9p\u00e9titive par des actes de mauvaise gestion fortement pr\u00e9judiciables au bon fonctionnement de la municipalit\u00e9.<\/p>\n<p>Dans le m\u00eame registre, <strong>Carlos Ngoualem, le 6\u00e8me adjoint au Maire de Douala 5\u00e8me<\/strong>. L\u2019\u00e9lu Social democratic front (<strong>Sdf<\/strong>) vient \u00e9galement d\u2019\u00eatre frapp\u00e9 de suspension de signature. <strong>Carlos Ngoualem<\/strong> est lui aussi accus\u00e9 de malversations financi\u00e8res au d\u00e9triment de la municipalit\u00e9. Ces deux faits majeurs illustratifs d\u2019une gestion approximative de la chose municipale par certains magistrats municipaux ont d\u2019ailleurs \u00e9branl\u00e9 la coh\u00e9sion municipale. Aux derni\u00e8res nouvelles venues de cette municipalit\u00e9, le Maire Gustave Ebanda a de justesse \u00e9vit\u00e9 le scandale d\u2019une humiliation publique des principaux concern\u00e9s. Prenant parfois l\u2019initiative de calmer le jeu sous fonds propres.<\/p>\n<p>La Mairie de Douala 5\u00e8me est l\u2019une des plus vaste du Wouri avec 210 km2. Gustave Ebanda, l\u2019actuel Maire en fin de mandat a pris les r\u00eanes de cette Communaut\u00e9 d\u2019arrondissement en 2015 apr\u00e8s le d\u00e9c\u00e8s de <strong>Fran\u00e7oise Foning<\/strong>, l\u2019ex-Maire de Douala 5\u00e8me.<\/p>\n<div class=\"about-author about-author-box container-wrapper\">\n<div class=\"author-avatar\">\n<p><img decoding=\"async\" src=\"http:\/\/\" alt=\"\"\/><\/p>\n<\/div>\n<p><h4>La R\u00e9daction EcoMatin<\/h4>\n<\/p>\n<\/div>\n<div class=\"awac-wrapper awac widget blog_subscription-2\">\n<h4 class=\"widget-title\">Abonnez-vous \u00e0 notre lettre d&rsquo;information<\/h4>\n<\/div>\n<\/div>\n<div class=\"toggle-post-content clearfix\"><a id=\"toggle-post-button\" class=\"button\" href=\"#\">Afficher plus <\/a><\/div>\n<p>Auteur: EcoMatin<br \/>\n<a href=\"https:\/\/ecomatin.net\/mairie-de-douala-5-deux-adjoints-au-maire-suspendus-de-signature\/\">Cliquez ici pour lire l&rsquo;article depuis sa source.<\/a><\/p>\n","protected":false},"excerpt":{"rendered":"<p>Gustave Ebanda, Maire Le conseil de Communaut\u00e9 d\u2019arrondissement de Douala 5\u00e8me a r\u00e9cemment \u00e9valu\u00e9 l\u2019ex\u00e9cution de son budget au premier trimestre 2019. Au sortir de ce conseil, tr\u00e8s attendu, la petite municipalit\u00e9 affiche un taux d\u2019ex\u00e9cution satisfaisant du budget 2019 arr\u00eat\u00e9 en recettes et en d\u00e9penses \u00e0 la somme de 2.943.325.065 de Fcfa. Parmi les [&hellip;]<\/p>\n","protected":false},"author":1969,"featured_media":0,"comment_status":"closed","ping_status":"closed","sticky":false,"template":"","format":"standard","meta":{"fifu_image_url":"","fifu_image_alt":"","footnotes":""},"categories":[82,78],"tags":[],"class_list":["post-36817","post","type-post","status-publish","format-standard","hentry","category-cameroun","category-economie"],"_links":{"self":[{"href":"https:\/\/linitiative.ca\/International\/wp-json\/wp\/v2\/posts\/36817","targetHints":{"allow":["GET"]}}],"collection":[{"href":"https:\/\/linitiative.ca\/International\/wp-json\/wp\/v2\/posts"}],"about":[{"href":"https:\/\/linitiative.ca\/International\/wp-json\/wp\/v2\/types\/post"}],"author":[{"embeddable":true,"href":"https:\/\/linitiative.ca\/International\/wp-json\/wp\/v2\/users\/1969"}],"replies":[{"embeddable":true,"href":"https:\/\/linitiative.ca\/International\/wp-json\/wp\/v2\/comments?post=36817"}],"version-history":[{"count":0,"href":"https:\/\/linitiative.ca\/International\/wp-json\/wp\/v2\/posts\/36817\/revisions"}],"wp:attachment":[{"href":"https:\/\/linitiative.ca\/International\/wp-json\/wp\/v2\/media?parent=36817"}],"wp:term":[{"taxonomy":"category","embeddable":true,"href":"https:\/\/linitiative.ca\/International\/wp-json\/wp\/v2\/categories?post=36817"},{"taxonomy":"post_tag","embeddable":true,"href":"https:\/\/linitiative.ca\/International\/wp-json\/wp\/v2\/tags?post=36817"}],"curies":[{"name":"wp","href":"https:\/\/api.w.org\/{rel}","templated":true}]}}