{"id":36819,"date":"2019-05-27T07:50:06","date_gmt":"2019-05-27T11:50:06","guid":{"rendered":"https:\/\/linitiative.ca\/International\/protection-des-gravures-rupestres-la-societe-civile-tire-la-sonnette-dalarme\/"},"modified":"2019-05-27T07:50:06","modified_gmt":"2019-05-27T11:50:06","slug":"protection-des-gravures-rupestres-la-societe-civile-tire-la-sonnette-dalarme","status":"publish","type":"post","link":"https:\/\/linitiative.ca\/International\/protection-des-gravures-rupestres-la-societe-civile-tire-la-sonnette-dalarme\/","title":{"rendered":"Protection des gravures rupestres :  La soci\u00e9t\u00e9 civile tire la sonnette d\u2019alarme"},"content":{"rendered":"<p><img decoding=\"async\" class=\"post_layout_5_img\" src=\"http:\/\/aujourdhui.ma\/wp-content\/uploads\/2019\/05\/Protection-des-gravures-rupestres-Agadir.jpg?x29840\" alt=\"Protection des gravures rupestres : La soci\u00e9t\u00e9 civile tire la sonnette d\u2019alarme\"\/><\/p>\n<p class=\"p1\"><span class=\"c4\"><strong><em>Le nombre de sites d\u00e9passe les 430<\/em><\/strong><\/span><span id=\"more-311942\"\/><\/p>\n<p class=\"p1\"><span class=\"s1\">La ville d\u2019Agadir a abrit\u00e9 mercredi dernier la premi\u00e8re \u00e9dition du Carrefour de l\u2019art rupestre et la soci\u00e9t\u00e9 civile sous le th\u00e8me \u00abQuel r\u00f4le pour la soci\u00e9t\u00e9<br \/>civile dans la qualification et la protection des sites de l\u2019art rupestre du sud marocain ?\u00bb.<\/span><\/p>\n<p class=\"p1\"><span class=\"s1\">Organis\u00e9 par le Parc national des arts rupestres, en collaboration avec l\u2019Union des artistes plasticiens du Sud, le Forum Amnir des \u00e9tudes sahariennes et la direction r\u00e9gionale de la culture, cet \u00e9v\u00e8nement a r\u00e9uni un parterre d\u2019experts, chercheurs et acteurs associatifs issus d\u2019Agadir et des provinces du Sud venus dresser l\u2019\u00e9tat des lieux des sites des gravures rupestres dont regorge le sud du Royaume, notamment les provinces de Smara et Tata.<\/span><\/p>\n<p class=\"p1\"><span class=\"s1\">Le Carrefour a constitu\u00e9 une occasion propice pour pr\u00e9senter un diagnostic de la situation actuelle de ces sites dont le nombre d\u00e9passe au niveau national plus de 430, identifi\u00e9s et connus, et qui datent de plus de 4.000 ans avant J-C. Ces derniers font face aujourd\u2019hui \u00e0 plusieurs al\u00e9as dus notamment \u00e0 l\u2019intervention humaine qui ne prend pas en consid\u00e9ration les sp\u00e9cificit\u00e9s de ces sites riches en histoire.<\/span><\/p>\n<p class=\"p1\"><span class=\"s1\">Dans ce cadre, il a \u00e9t\u00e9 proc\u00e9d\u00e9 lors de cette rencontre \u00e0 la pr\u00e9sentation de plusieurs expos\u00e9s par des experts et chercheurs qui ont mis en lumi\u00e8re l\u2019importance de ce patrimoine h\u00e9rit\u00e9 d\u2019une g\u00e9n\u00e9ration \u00e0 l\u2019autre, qui constitue une v\u00e9ritable m\u00e9moire mat\u00e9rielle et qui n\u00e9cessite de doubler d\u2019efforts pour le sauvegarder, ainsi que certaines exp\u00e9riences pilotes lanc\u00e9es \u00e0 Smara et Tata par les ONG locales, et qui ont mis en place un programme de sensibilisation quant \u00e0 l\u2019importance de ce patrimoine universel.<br \/>Les participants ont \u00e9galement examin\u00e9 les moyens de renforcer le r\u00f4le des acteurs locaux dans le domaine de la pr\u00e9servation du patrimoine rupestre, au regard des enjeux auxquels fait face la composante culturelle dans le processus de d\u00e9veloppement.<\/span><\/p>\n<p class=\"p1\"><span class=\"s1\">El Imam Djimi, artiste plasticien et acteur associatif, a pass\u00e9 durant son intervention les diff\u00e9rents risques qu\u2019encourent ces sites et des cimeti\u00e8res situ\u00e9s dans ces zones objet de pillage, vol et spoliation tous azimuts. Rappelons dans ce cadre que ce patrimoine constitue, en effet, une empreinte historique de taille t\u00e9moignant de la culture, de l\u2019histoire et de la civilisation humaine et qui doit \u00eatre plac\u00e9 sous le signe du patrimoine universel, et qui est en mesure de constituer un levier important susceptible de contribuer dans le d\u00e9veloppement du tourisme culturel dans la r\u00e9gion.<\/span><\/p>\n<p>Auteur: Mohamed Laabid<br \/>\n<a href=\"http:\/\/aujourdhui.ma\/culture\/protection-des-gravures-rupestres-la-societe-civile-tire-la-sonnette-dalarme\">Cliquez ici pour lire l&rsquo;article depuis sa source.<\/a><\/p>\n","protected":false},"excerpt":{"rendered":"<p>Le nombre de sites d\u00e9passe les 430 La ville d\u2019Agadir a abrit\u00e9 mercredi dernier la premi\u00e8re \u00e9dition du Carrefour de l\u2019art rupestre et la soci\u00e9t\u00e9 civile sous le th\u00e8me \u00abQuel r\u00f4le pour la soci\u00e9t\u00e9civile dans la qualification et la protection des sites de l\u2019art rupestre du sud marocain ?\u00bb. Organis\u00e9 par le Parc national des [&hellip;]<\/p>\n","protected":false},"author":1759,"featured_media":0,"comment_status":"closed","ping_status":"closed","sticky":false,"template":"","format":"standard","meta":{"fifu_image_url":"","fifu_image_alt":"","footnotes":""},"categories":[73,54],"tags":[],"class_list":["post-36819","post","type-post","status-publish","format-standard","hentry","category-actualite","category-maroc"],"_links":{"self":[{"href":"https:\/\/linitiative.ca\/International\/wp-json\/wp\/v2\/posts\/36819","targetHints":{"allow":["GET"]}}],"collection":[{"href":"https:\/\/linitiative.ca\/International\/wp-json\/wp\/v2\/posts"}],"about":[{"href":"https:\/\/linitiative.ca\/International\/wp-json\/wp\/v2\/types\/post"}],"author":[{"embeddable":true,"href":"https:\/\/linitiative.ca\/International\/wp-json\/wp\/v2\/users\/1759"}],"replies":[{"embeddable":true,"href":"https:\/\/linitiative.ca\/International\/wp-json\/wp\/v2\/comments?post=36819"}],"version-history":[{"count":0,"href":"https:\/\/linitiative.ca\/International\/wp-json\/wp\/v2\/posts\/36819\/revisions"}],"wp:attachment":[{"href":"https:\/\/linitiative.ca\/International\/wp-json\/wp\/v2\/media?parent=36819"}],"wp:term":[{"taxonomy":"category","embeddable":true,"href":"https:\/\/linitiative.ca\/International\/wp-json\/wp\/v2\/categories?post=36819"},{"taxonomy":"post_tag","embeddable":true,"href":"https:\/\/linitiative.ca\/International\/wp-json\/wp\/v2\/tags?post=36819"}],"curies":[{"name":"wp","href":"https:\/\/api.w.org\/{rel}","templated":true}]}}