{"id":36820,"date":"2019-05-27T07:59:11","date_gmt":"2019-05-27T11:59:11","guid":{"rendered":"https:\/\/linitiative.ca\/International\/mawazine-mayada-el-hennawi-remplacera-ziyad-rahbani\/"},"modified":"2019-05-27T07:59:11","modified_gmt":"2019-05-27T11:59:11","slug":"mawazine-mayada-el-hennawi-remplacera-ziyad-rahbani","status":"publish","type":"post","link":"https:\/\/linitiative.ca\/International\/mawazine-mayada-el-hennawi-remplacera-ziyad-rahbani\/","title":{"rendered":"Mawazine : Mayada El Hennawi remplacera Ziyad Rahbani"},"content":{"rendered":"<p><img decoding=\"async\" class=\"post_layout_5_img\" src=\"http:\/\/aujourdhui.ma\/wp-content\/uploads\/2019\/05\/Mayada-El-Hennawi.jpg?x29840\" alt=\"Mawazine : Mayada El Hennawi remplacera Ziyad Rahbani\"\/><\/p>\n<p class=\"p1\"><span class=\"c4\"><strong><span class=\"s1\"><em>Le musicien libanais a annul\u00e9 sa repr\u00e9sentation\u00a0<\/em><\/span><span class=\"s1\"><em>du 22 juin pour raisons de sant\u00e9<\/em><\/span><\/strong><\/span><span id=\"more-311948\"\/><\/p>\n<div class=\"base-box mom_box_sc_custom mom_box_sc clear c5\" readability=\"10\">\n<p class=\"p1\"><strong><span class=\"s1\"><em>La carri\u00e8re de la chanteur commence dans les ann\u00e9es 1970, apr\u00e8s une rencontre d\u00e9terminante avec Mohamed Abdelwahab. Il propose\u00a0<\/em><\/span><span class=\"s1\"><em>\u00e0 la famille de Mayada de le rejoindre au Caire afin qu\u2019il puisse \u00e9tudier les capacit\u00e9s qu\u2019offre sa voix.<\/em><\/span><\/strong><\/p>\n<\/div>\n<p class=\"p1\"><span class=\"s1\">L\u2019Association Maroc Cultures, organisatrice du Festival Mawazine Rythmes du monde, pr\u00e9vu du 21 au 29 juin, a annonc\u00e9 l\u2019annulation pour raisons de sant\u00e9 du concert de Ziyad Rahbani, pr\u00e9vu samedi 22 juin au th\u00e9\u00e2tre national Mohammed V. Dans ce sens, le musicien libanais sera remplac\u00e9 par la chanteuse Mayada El Hennawi qui se produira le m\u00eame soir.<\/span><\/p>\n<p class=\"p1\"><span class=\"s1\">Connue pour sa voix unique et m\u00e9lodieuse, la diva syrienne, surnomm\u00e9e \u00abla chanteuse de l\u2019amour\u00bb, est n\u00e9e \u00e0 Halab.<span class=\"Apple-converted-space\">\u00a0<\/span> Ses parents, m\u00e9lomanes, ont transmis leur passion pour la musique \u00e0 leur petite fille. Sa m\u00e8re fredonne comme berceuse des chansons de Oum Kalthoum ou encore Mohamed Abdelwahab. Sa carri\u00e8re commence dans les ann\u00e9es 1970, apr\u00e8s une rencontre d\u00e9terminante avec Mohamed Abdelwahab. Ce l\u00e9gendaire artiste propose \u00e0 la famille de Mayada de le rejoindre au Caire afin qu\u2019il puisse \u00e9tudier les capacit\u00e9s qu\u2019offre sa voix et l\u2019initier \u00e0 l\u2019art du chant en l\u2019entra\u00eenant. Il faut dire que Mayada El Hennawi est dot\u00e9e d\u2019une discographie impressionnante.<\/span><\/p>\n<p class=\"p1\"><span class=\"s1\">Elle est cr\u00e9\u00e9e par les plus grands paroliers et compositeurs, \u00e0 l\u2019instar de Mohamed Al Mougui qui lui offre \u00abYa Gha\u00ebbane la Yaghib\u00bb (\u00d4 toi, absent tr\u00e8s pr\u00e9sent), ou encore Ahmed Rami et Riad El Sonbaty, tous deux anciens paroliers et compositeurs de la grande cantatrice Oum Kalthoum. Le premier lui \u00e9crit la chanson \u00abAwwel ma choftak habbeitak\u00bb (Je t\u2019ai aim\u00e9 du premier regard) et le second collabore avec Mayada El Hanawi sur \u00abFatet Sana\u00bb.<\/span><\/p>\n<p class=\"p1\"><span class=\"s1\">Parmi ces grands noms, il y a lieu de citer Baligh Hamdi. Ce compositeur \u00e9gyptien a compos\u00e9 pour Mayada El Hanawi la majorit\u00e9 de ses plus grandes chansons : \u00abSidi ana\u00bb (Mon ma\u00eetre), \u00abAl-Hob elli kan\u00bb (L\u2019amour qui \u00e9tait) ou encore \u00abAna baachaak\u00bb (Je t\u2019adore). En tout et pour tout, Baligh Hamdi a mis en musique quelque 25 titres pour la chanteuse, \u00e9crivant m\u00eame les paroles de certaines d\u2019entre elles \u00e0 l\u2019instar de \u00abSaet Zamane\u00bb dont les paroles parlent de la vie de Mayada El Heannawi elle-m\u00eame.<\/span><\/p>\n<p>Auteur: ALM<br \/>\n<a href=\"http:\/\/aujourdhui.ma\/culture\/musique\/mawazine-mayada-el-hennawi-remplacera-ziyad-rahbani\">Cliquez ici pour lire l&rsquo;article depuis sa source.<\/a><\/p>\n","protected":false},"excerpt":{"rendered":"<p>Le musicien libanais a annul\u00e9 sa repr\u00e9sentation\u00a0du 22 juin pour raisons de sant\u00e9 La carri\u00e8re de la chanteur commence dans les ann\u00e9es 1970, apr\u00e8s une rencontre d\u00e9terminante avec Mohamed Abdelwahab. Il propose\u00a0\u00e0 la famille de Mayada de le rejoindre au Caire afin qu\u2019il puisse \u00e9tudier les capacit\u00e9s qu\u2019offre sa voix. L\u2019Association Maroc Cultures, organisatrice du [&hellip;]<\/p>\n","protected":false},"author":1759,"featured_media":0,"comment_status":"closed","ping_status":"closed","sticky":false,"template":"","format":"standard","meta":{"fifu_image_url":"","fifu_image_alt":"","footnotes":""},"categories":[73,54],"tags":[],"class_list":["post-36820","post","type-post","status-publish","format-standard","hentry","category-actualite","category-maroc"],"_links":{"self":[{"href":"https:\/\/linitiative.ca\/International\/wp-json\/wp\/v2\/posts\/36820","targetHints":{"allow":["GET"]}}],"collection":[{"href":"https:\/\/linitiative.ca\/International\/wp-json\/wp\/v2\/posts"}],"about":[{"href":"https:\/\/linitiative.ca\/International\/wp-json\/wp\/v2\/types\/post"}],"author":[{"embeddable":true,"href":"https:\/\/linitiative.ca\/International\/wp-json\/wp\/v2\/users\/1759"}],"replies":[{"embeddable":true,"href":"https:\/\/linitiative.ca\/International\/wp-json\/wp\/v2\/comments?post=36820"}],"version-history":[{"count":0,"href":"https:\/\/linitiative.ca\/International\/wp-json\/wp\/v2\/posts\/36820\/revisions"}],"wp:attachment":[{"href":"https:\/\/linitiative.ca\/International\/wp-json\/wp\/v2\/media?parent=36820"}],"wp:term":[{"taxonomy":"category","embeddable":true,"href":"https:\/\/linitiative.ca\/International\/wp-json\/wp\/v2\/categories?post=36820"},{"taxonomy":"post_tag","embeddable":true,"href":"https:\/\/linitiative.ca\/International\/wp-json\/wp\/v2\/tags?post=36820"}],"curies":[{"name":"wp","href":"https:\/\/api.w.org\/{rel}","templated":true}]}}