{"id":36823,"date":"2019-05-27T09:00:18","date_gmt":"2019-05-27T13:00:18","guid":{"rendered":"https:\/\/linitiative.ca\/International\/technologies-de-leau-et-de-lassainissement-la-6e-edition-du-siteau-du-11-au-13-juin-a-casablanca\/"},"modified":"2019-05-27T09:00:18","modified_gmt":"2019-05-27T13:00:18","slug":"technologies-de-leau-et-de-lassainissement-la-6e-edition-du-siteau-du-11-au-13-juin-a-casablanca","status":"publish","type":"post","link":"https:\/\/linitiative.ca\/International\/technologies-de-leau-et-de-lassainissement-la-6e-edition-du-siteau-du-11-au-13-juin-a-casablanca\/","title":{"rendered":"Technologies de l\u2019eau et de l\u2019assainissement : La 6e \u00e9dition du SITeau du  11 au 13 juin  \u00e0 Casablanca"},"content":{"rendered":"<header>\n<\/header>\n<div class=\"entry-content clearfix\" readability=\"62\"><img decoding=\"async\" class=\"post_layout_5_img\" src=\"http:\/\/aujourdhui.ma\/wp-content\/uploads\/2019\/05\/Salon-international-des-technologies-de-l%E2%80%99eau-et-de-l%E2%80%99assainissement-SITeau.jpg?x29840\" alt=\"Technologies de l\u2019eau et de l\u2019assainissement : La 6e \u00e9dition du SITeau du 11 au 13 juin \u00e0 Casablanca\"\/><\/p>\n<p class=\"p1\"><span class=\"c4\"><strong>La 6\u00e8me \u00e9dition du Salon international des technologies de l\u2019eau et de l\u2019assainissement (SITeau) se tiendra du 11 au 13 juin prochain \u00e0 Casablanca.<\/strong><\/span><span id=\"more-311929\"\/><\/p>\n<p class=\"p1\">Initi\u00e9e par Field Attitude, cette \u00e9dition du SITeau se veut \u00eatre un vecteur de rassemblement des parties prenantes nationales et internationales et des jeunes, notamment sur la question de la pr\u00e9servation de l\u2019eau dans le but de placer l\u2019eau dans le projet \u00abnouveau mod\u00e8le de d\u00e9veloppement\u00bb engag\u00e9 au Maroc sous les Hautes directives de SM le Roi Mohammed VI, indique un communiqu\u00e9 des organisateurs.<\/p>\n<p class=\"p1\">Selon la m\u00eame source, explorer la place de l\u2019eau et de l\u2019\u00e9nergie dans un nouveau mod\u00e8le de d\u00e9veloppement int\u00e9grant les paradigmes \u00abchangements climatiques et transition \u00e9cologique\u00bb permettra aux participants de proposer des solutions innovantes, des m\u00e9thodologies et des sc\u00e9narios de gouvernance am\u00e9lior\u00e9e en consid\u00e9rant les approches publiques et leurs leviers r\u00e9glementaires et fiscaux. Pour les op\u00e9rateurs, quel que soit leur secteur d\u2019activit\u00e9 et leur taille, la question n\u2019est plus de savoir s\u2019ils sont concern\u00e9s par la dynamique en faveur du d\u00e9veloppement durable, mais comment exister avec ce nouveau paradigme, devenu un facteur d\u00e9terminant de comp\u00e9titivit\u00e9 et leur permettant d\u2019\u00eatre qualifi\u00e9s de socialement responsables.<\/p>\n<p class=\"p1\">B\u00e9n\u00e9ficiant du soutien des institutionnels et des parties prenantes concern\u00e9es ainsi que du Label du 9\u00e8me Forum mondial de l\u2019eau, qui se tiendra en mars 2021 \u00e0 Dakar au S\u00e9n\u00e9gal et o\u00f9 le Maroc d\u00e9cerne le prestigieux Prix Hassan II, cette plate-forme de d\u00e9bats offrira l\u2019occasion de s\u2019interroger, de proposer des voies alternatives, de valoriser les bonnes pratiques et de tirer des le\u00e7ons d\u2019exp\u00e9riences non abouties, conclut le communiqu\u00e9.<\/p>\n<\/div>\n<p>Auteur: ALM<br \/>\n<a href=\"http:\/\/aujourdhui.ma\/economie\/technologies-de-leau-et-de-lassainissement-la-6e-edition-du-siteau-du-11-au-13-juin-a-casablanca\">Cliquez ici pour lire l&rsquo;article depuis sa source.<\/a><\/p>\n","protected":false},"excerpt":{"rendered":"<p>La 6\u00e8me \u00e9dition du Salon international des technologies de l\u2019eau et de l\u2019assainissement (SITeau) se tiendra du 11 au 13 juin prochain \u00e0 Casablanca. Initi\u00e9e par Field Attitude, cette \u00e9dition du SITeau se veut \u00eatre un vecteur de rassemblement des parties prenantes nationales et internationales et des jeunes, notamment sur la question de la pr\u00e9servation [&hellip;]<\/p>\n","protected":false},"author":1759,"featured_media":0,"comment_status":"closed","ping_status":"closed","sticky":false,"template":"","format":"standard","meta":{"fifu_image_url":"","fifu_image_alt":"","footnotes":""},"categories":[73,54],"tags":[],"class_list":["post-36823","post","type-post","status-publish","format-standard","hentry","category-actualite","category-maroc"],"_links":{"self":[{"href":"https:\/\/linitiative.ca\/International\/wp-json\/wp\/v2\/posts\/36823","targetHints":{"allow":["GET"]}}],"collection":[{"href":"https:\/\/linitiative.ca\/International\/wp-json\/wp\/v2\/posts"}],"about":[{"href":"https:\/\/linitiative.ca\/International\/wp-json\/wp\/v2\/types\/post"}],"author":[{"embeddable":true,"href":"https:\/\/linitiative.ca\/International\/wp-json\/wp\/v2\/users\/1759"}],"replies":[{"embeddable":true,"href":"https:\/\/linitiative.ca\/International\/wp-json\/wp\/v2\/comments?post=36823"}],"version-history":[{"count":0,"href":"https:\/\/linitiative.ca\/International\/wp-json\/wp\/v2\/posts\/36823\/revisions"}],"wp:attachment":[{"href":"https:\/\/linitiative.ca\/International\/wp-json\/wp\/v2\/media?parent=36823"}],"wp:term":[{"taxonomy":"category","embeddable":true,"href":"https:\/\/linitiative.ca\/International\/wp-json\/wp\/v2\/categories?post=36823"},{"taxonomy":"post_tag","embeddable":true,"href":"https:\/\/linitiative.ca\/International\/wp-json\/wp\/v2\/tags?post=36823"}],"curies":[{"name":"wp","href":"https:\/\/api.w.org\/{rel}","templated":true}]}}