{"id":36828,"date":"2019-05-27T06:10:46","date_gmt":"2019-05-27T10:10:46","guid":{"rendered":"https:\/\/linitiative.ca\/International\/en-marge-de-la-journee-nationale-du-theatre\/"},"modified":"2019-05-27T06:10:46","modified_gmt":"2019-05-27T10:10:46","slug":"en-marge-de-la-journee-nationale-du-theatre","status":"publish","type":"post","link":"https:\/\/linitiative.ca\/International\/en-marge-de-la-journee-nationale-du-theatre\/","title":{"rendered":"En marge de la journ\u00e9e nationale du th\u00e9\u00e2tre"},"content":{"rendered":"<p class=\"c4\"><span class=\"c3\"><strong><span class=\"c2\">P<\/span>ourquoi certains hommes de th\u00e9\u00e2tre, \u00e0 commencer par l\u2019auteur de ces lignes, sont-ils si n\u00e9gatifs, voire de mauvaise foi, quand il s\u2019agit d\u2019\u00e9valuer la politique du Minist\u00e8re de la Culture en mati\u00e8re de th\u00e9\u00e2tre\u00a0? Pourquoi critique-t-on \u00e0 tout bout de champ un minist\u00e8re qui, selon un tr\u00e8s s\u00e9rieux site \u00e9lectronique, \u0153uvre sans rel\u00e2che pour am\u00e9liorer la situation d\u2019un th\u00e9\u00e2tre qu\u2019on dit prosp\u00e8re, rayonnant et en constante am\u00e9lioration?<\/strong><\/span><\/p>\n<p class=\"c4\">Lors de son intervention durant la c\u00e9l\u00e9bration de la journ\u00e9e nationale du th\u00e9\u00e2tre, f\u00eat\u00e9e cette ann\u00e9e de mani\u00e8re originale au sein de l\u2019Institut Sup\u00e9rieur d\u2019Art Dramatique et d\u2019Animation Culturelle le 15 mai 2019, le Ministre de la Culture a tenu \u00e0 rappeler \u00e0 ceux qui ont tendance \u00e0 l\u2019ignorer que la situation du th\u00e9\u00e2tre dans notre pays est des plus reluisantes et des plus dynamiques gr\u00e2ce, d\u2019un c\u00f4t\u00e9, aux nombreuses mesures incitatives initi\u00e9es par notre cher Minist\u00e8re et, de l\u2019autre, \u00e0 l\u2019apport consid\u00e9rable des laur\u00e9ats de cette institution. Cela est ind\u00e9niable.<\/p>\n<p class=\"c4\">En effet, pour ceux qui ne le savent pas encore, le Minist\u00e8re a octroy\u00e9 des moyens financiers et mat\u00e9riels consid\u00e9rables pour permettre aux nombreuses troupes d\u2019\u00eatre \u00abgrassement\u00bb subventionn\u00e9es. Toutes les troupes r\u00e9parties sur le territoire marocain \u2013 m\u00eame celles qui \u00e9taient jusque-l\u00e0 totalement inconnues \u2013 ont pratiquement b\u00e9n\u00e9fici\u00e9\u00a0 de l\u2019aide \u00e0 la cr\u00e9ation th\u00e9\u00e2trale. N\u2019est-ce pas l\u00e0, messieurs les grognards, la preuve irr\u00e9futable de la \u00abd\u00e9mocratisation\u00bb du secteur culturel que ne cessaient de revendiquer depuis longtemps intellectuels et artistes de tout bord\u00a0? Niveler\u00a0 par le bas pour satisfaire tout le monde est d\u00e9sormais une autre mani\u00e8re de d\u00e9mocratiser la Culture dans notre cher pays ne cessent de maugr\u00e9er ceux qui militent pour la qualit\u00e9\u00a0 et non pour le plus grand nombre et la mis\u00e8re au bout.<\/p>\n<p class=\"c4\">Si les productions th\u00e9\u00e2trales de qualit\u00e9 se r\u00e9duisent en peau de chagrin depuis\u00a0 que les troupes les plus importantes sont r\u00e9duites au silence et que les \u00e9l\u00e9ments les plus int\u00e9ressants, gagn\u00e9s par le doute et l\u2019indigence d\u00e9sertent les planches pour le petit et grand \u00e9cran\u00a0; si l\u2019aide \u00e0 la cr\u00e9ation th\u00e9\u00e2trale ne suffit m\u00eame pas \u00e0 subvenir aux besoins de productions th\u00e9\u00e2trales dignes de ce nom ni \u00e0 assurer une vie d\u00e9cente aux artistes, c\u2019est bien par un souci de justice sociale et non selon le m\u00e9rite et l\u2019excellence. Un fonds d\u2019aide qui cr\u00e9e chaque ann\u00e9e un peu plus de turbulences parce mal assimil\u00e9; mal compris par ceux-l\u00e0 m\u00eames qui l\u2019ont institu\u00e9. Non seulement cela ressemble beaucoup plus \u00e0 de l\u2019aum\u00f4ne mais il ne permet gu\u00e8re l\u2019\u00e9mulation et l\u2019am\u00e9lioration des productions th\u00e9\u00e2trales.<\/p>\n<p class=\"c4\">C\u2019est d\u2019une remise en question copernicienne des dispositions statutaires de ce fonds d\u2019aide \u00e0 la production et la diffusion th\u00e9\u00e2trales dont il s\u2019agit. Pauvre cr\u00e9ation qui rase les murs diraient ces revanchards qui pr\u00e9tendent assister impuissants au sacrifice de l\u2019excellence sur l\u2019autel de la m\u00e9diocrit\u00e9, de la partialit\u00e9 et du n\u00e9potisme!<\/p>\n<p class=\"c4\">Notre actuel Ministre de la Culture vient d\u2019annoncer \u00e0 l\u2019occasion de la journ\u00e9e nationale du th\u00e9\u00e2tre l\u2019ouverture de plusieurs th\u00e9\u00e2tres \u00e0 travers le Royaume dont certains dans des localit\u00e9s jusque-l\u00e0 livr\u00e9es \u00e0 l\u2019abandon et \u00e0 la s\u00e9cheresse artistique et culturelle (10 pour la seule ann\u00e9e 2019). Ce maillage du territoire en infrastructures culturelles, des th\u00e9\u00e2tres en l\u2019occurrence, n\u2019est-t-il pas l\u00e0 aussi la preuve d\u2019un dynamisme sans pr\u00e9c\u00e9dent pour booster l\u2019activit\u00e9 th\u00e9\u00e2trale et lui r\u00e9server une place au soleil dans un pays o\u00f9 l\u2019obscurit\u00e9 des salles de spectacles vides n\u2019a d\u2019\u00e9gal que celle qui y a toujours pr\u00e9valu dans le c\u0153ur d\u2019un public r\u00e9calcitrant parce que non rompu \u00e0 ce genre d\u2019activit\u00e9, priv\u00e9 d\u2019\u00e9ducation artistique, v\u00e9ritable handicap pour le d\u00e9veloppement de notre art.<\/p>\n<p class=\"c4\">Certains esprits malintentionn\u00e9s trouveront toujours le moyen de critiquer ces belles initiatives pour dire que l\u2019important n\u2019est pas le flacon mais l\u2019ivresse de voir ces th\u00e9\u00e2tres avec une programmation riche et p\u00e9renne, participant ainsi \u00e0 l\u2019\u00e9ducation artistique du citoyen et le nourrir constamment de r\u00eaves et d\u2019imaginaire, qu\u2019il ne suffit pas de construire des th\u00e9\u00e2tres \u2013 ce qui est du reste une tr\u00e8s bonne chose- mais de les pourvoir de techniciens de qualit\u00e9, de gestionnaires imaginatifs et surtout que ces \u00e9difices respirent quotidiennement la cr\u00e9ation \u2013 des lieux de vie \u2013 en les mettant \u00e0 la disposition des troupes de th\u00e9\u00e2tre dont la seule pr\u00e9occupation est la cr\u00e9ation et non \u00e0 des fonctionnaires z\u00e9l\u00e9s et int\u00e9ress\u00e9s dont la pr\u00e9occupation essentielle est de g\u00e9rer une carri\u00e8re improbable.<\/p>\n<p class=\"c4\">La nouveaut\u00e9 cette ann\u00e9e dans la c\u00e9l\u00e9bration de la journ\u00e9e nationale du th\u00e9\u00e2tre c\u2019est qu\u2019elle fut plac\u00e9e sous le signe de la formation puisque notre Ministre a choisi de c\u00e9l\u00e9brer cette f\u00eate au sein de la seule institution acad\u00e9mique dont dispose notre pays, l\u2019ISADAC en l\u2019occurrence. Monsieur le Ministre a insist\u00e9 sur le r\u00f4le jou\u00e9 par cette institution acad\u00e9mique dans la promotion de la cr\u00e9ation th\u00e9\u00e2trale nationale en louant les efforts entrepris par cette institution dans le renouvellement des g\u00e9n\u00e9rations d\u2019hommes et de femmes de th\u00e9\u00e2tre et de la cons\u00e9cration de notre th\u00e9\u00e2tre \u00e0 l\u2019\u00e9chelle arabe. C\u2019est une r\u00e9alit\u00e9 et nous devons sans doute en \u00eatre fiers. Mais certains esprits retors et de mauvaise foi trouveront toujours l\u2019occasion de remettre en question ces affirmations les jugeant p\u00e9remptoires et politiciennes car elles tentent de donner de l\u2019espoir \u00e0 des dizaines de jeunes laur\u00e9ats et diront\u00a0 qu\u2019au lieu d\u2019\u00eatre \u00abune fabrique de r\u00eaves\u00bb alimentant le tissu culturel national pour le renouvellement de l\u2019esth\u00e9tique\u00a0 et la promotion de l\u2019art est devenue, sous la houlette de ses dirigeants, \u00abune fabrique de main d\u2019oeuvre\u00bb, une sorte d\u2019Anapec th\u00e9\u00e2trale\u00a0 charg\u00e9e d\u2019exporter d\u00e9sormais dans les pays du Golfe des dizaines de laur\u00e9ats car nous avons un exc\u00e9dent d\u2019artistes qui se bousculent au portillon d\u2019un espace th\u00e9\u00e2tral victime de l\u2019incomp\u00e9tence de ses promoteurs, malade de ses propres insuffisances.<\/p>\n<p class=\"c4\">Pour compl\u00e9ter le panorama de ces nombreuses initiatives en faveur du th\u00e9\u00e2tre, notre Ministre n\u2019a pas manqu\u00e9 de souligner le dynamisme de nos centres culturels o\u00f9 une animation tr\u00e8s riche fait courir chercheurs, artistes et animateurs de toutes sortes, toujours les m\u00eames certes mais n\u2019est-ce pas l\u00e0 une mani\u00e8re de r\u00e9habiliter des chercheurs \u00abde grande envergure\u00bb en mati\u00e8re de th\u00e9\u00e2tre dont personne n\u2019avait entendu parler auparavant, \u00a0donnant ainsi la voix \u00e0 ceux qui en \u00e9taient d\u00e9pourvus parce que justement ils n\u2019en avaient pas.<\/p>\n<p class=\"c4\">Je m\u2019arr\u00eate l\u00e0 pour ne pas donner l\u2019occasion aux nihilistes de trouver d\u2019autres raisons pour critiquer un Ministre qui se d\u00e9m\u00e8ne pour s\u00e9parer le grain de l\u2019ivraie et qui pourtant opte pour l\u2019ivraie parce que, para\u00eet-il, c\u2019est bon pour la sant\u00e9, qui \u0153uvre sans rel\u00e2che pour la promotion des arts et de la Culture dans notre pays en \u00e9cartant ceux qui croyaient en \u00eatre les d\u00e9positaires pour mettre au devant de la sc\u00e8ne des \u00abv\u00e9t\u00e9rans\u00bb et des amateurs de pacotille. N\u2019est-ce pas l\u00e0 aussi une autre mani\u00e8re de noircir un peu plus un espace d\u00e9j\u00e0 terne et d\u00e9pourvu d\u2019harmonie et d\u2019entente entre les praticiens sacrifiant ainsi sur l\u2019autel de la discorde des crit\u00e8res essentiels du m\u00e9tier qui sont le don de soi, la g\u00e9n\u00e9rosit\u00e9, l\u2019abn\u00e9gation et l\u2019amour de l\u2019autre. Au lieu de tout cela, l\u2019ambiance qui r\u00e8gne dans l\u2019espace th\u00e9\u00e2tral est naus\u00e9abonde. En outre comme s\u2019il fallait enfoncer d\u00e9finitivement le clou, on a r\u00e9alis\u00e9 une belle prouesse\u00a0: celle d\u2019avoir scind\u00e9 le syndicat en deux entit\u00e9s antagonistes pour brouiller un plus un paysage o\u00f9 les dissensions et l\u2019animosit\u00e9 sont d\u00e9sormais monnaie courante. Diviser pour r\u00e9gner semble \u00eatre la nouvelle devise pour cr\u00e9er la zizanie dans un corps d\u00e9j\u00e0 fragilis\u00e9 par une politique bancale.<\/p>\n<p class=\"c4\">Il faut le dire haut et fort. Malgr\u00e9 quelques illuminations ici et l\u00e0, la cr\u00e9ation th\u00e9\u00e2trale souffre d\u2019un manque de politique claire, d\u2019une vision prospective et f\u00e9d\u00e9ratrice capable de donner de l\u2019espoir \u00e0 de jeunes g\u00e9n\u00e9rations qui ont choisi le r\u00eave comme mode de vie afin de participer par leur art \u00e0 l\u2019am\u00e9lioration du go\u00fbt du citoyen, de le faire \u00e9voluer par le moyen du th\u00e9\u00e2tre vers la lumi\u00e8re et de mettre au diapason du monde moderne.<\/p>\n<p class=\"c5\"><strong>Ahmed Massaia<\/strong><\/p>\n<p>Auteur: rahal mehamed<br \/>\n<a href=\"http:\/\/albayane.press.ma\/en-marge-de-la-journee-nationale-du-theatre.html\">Cliquez ici pour lire l&rsquo;article depuis sa source.<\/a><\/p>\n","protected":false},"excerpt":{"rendered":"<p>Pourquoi certains hommes de th\u00e9\u00e2tre, \u00e0 commencer par l\u2019auteur de ces lignes, sont-ils si n\u00e9gatifs, voire de mauvaise foi, quand il s\u2019agit d\u2019\u00e9valuer la politique du Minist\u00e8re de la Culture en mati\u00e8re de th\u00e9\u00e2tre\u00a0? Pourquoi critique-t-on \u00e0 tout bout de champ un minist\u00e8re qui, selon un tr\u00e8s s\u00e9rieux site \u00e9lectronique, \u0153uvre sans rel\u00e2che pour am\u00e9liorer [&hellip;]<\/p>\n","protected":false},"author":1760,"featured_media":0,"comment_status":"closed","ping_status":"closed","sticky":false,"template":"","format":"standard","meta":{"fifu_image_url":"","fifu_image_alt":"","footnotes":""},"categories":[73,54],"tags":[],"class_list":["post-36828","post","type-post","status-publish","format-standard","hentry","category-actualite","category-maroc"],"_links":{"self":[{"href":"https:\/\/linitiative.ca\/International\/wp-json\/wp\/v2\/posts\/36828","targetHints":{"allow":["GET"]}}],"collection":[{"href":"https:\/\/linitiative.ca\/International\/wp-json\/wp\/v2\/posts"}],"about":[{"href":"https:\/\/linitiative.ca\/International\/wp-json\/wp\/v2\/types\/post"}],"author":[{"embeddable":true,"href":"https:\/\/linitiative.ca\/International\/wp-json\/wp\/v2\/users\/1760"}],"replies":[{"embeddable":true,"href":"https:\/\/linitiative.ca\/International\/wp-json\/wp\/v2\/comments?post=36828"}],"version-history":[{"count":0,"href":"https:\/\/linitiative.ca\/International\/wp-json\/wp\/v2\/posts\/36828\/revisions"}],"wp:attachment":[{"href":"https:\/\/linitiative.ca\/International\/wp-json\/wp\/v2\/media?parent=36828"}],"wp:term":[{"taxonomy":"category","embeddable":true,"href":"https:\/\/linitiative.ca\/International\/wp-json\/wp\/v2\/categories?post=36828"},{"taxonomy":"post_tag","embeddable":true,"href":"https:\/\/linitiative.ca\/International\/wp-json\/wp\/v2\/tags?post=36828"}],"curies":[{"name":"wp","href":"https:\/\/api.w.org\/{rel}","templated":true}]}}