{"id":36829,"date":"2019-05-27T06:18:04","date_gmt":"2019-05-27T10:18:04","guid":{"rendered":"https:\/\/linitiative.ca\/International\/ahmed-saari-le-google-du-theatre-marocain\/"},"modified":"2019-05-27T06:18:04","modified_gmt":"2019-05-27T10:18:04","slug":"ahmed-saari-le-google-du-theatre-marocain","status":"publish","type":"post","link":"https:\/\/linitiative.ca\/International\/ahmed-saari-le-google-du-theatre-marocain\/","title":{"rendered":"Ahmed Sa\u00e2ri, le \u00abGoogle du th\u00e9\u00e2tre marocain\u00bb"},"content":{"rendered":"<p class=\"c4\"><span class=\"c3\"><strong><span class=\"c2\">C\u2019<\/span>est une m\u00e9moire vivante, l\u2019un des v\u00e9t\u00e9rans et pr\u00e9curseurs du th\u00e9\u00e2tre marocain. Ahmed Sa\u00e2ri ou le\u00a0 \u00abGoogle du th\u00e9\u00e2tre marocain\u00bb comme beaucoup d\u2019amis et de professionnels du domaine aiment l\u2019appeler, a beaucoup donn\u00e9 au paysage culturel et th\u00e9\u00e2tral national. Une longue carri\u00e8re qui s\u2019est \u00e9tal\u00e9e sur de nombreuses ann\u00e9es de recherche et de travail rigoureux.<\/strong><\/span><\/p>\n<p class=\"c4\">On le connait pour avoir initi\u00e9 un bon nombre d\u2019acteurs et de com\u00e9diens au champ artistique. Des noms de la sc\u00e8ne culturelle, m\u00eame actuelle lui doivent beaucoup. Son nom est li\u00e9 \u00e9motionnellement au quartier Derb Sultan\u2026 o\u00f9 il a vu le jour en 1940 dans une maison de Derb Lihoudi. Et comme beaucoup d\u2019enfants de sa g\u00e9n\u00e9ration, Sa\u00e2ri a men\u00e9 une vie paisible sous le ciel de ce quartier de la ville blanche o\u00f9 il a fait ses \u00e9tudes, d\u2019abord dans les \u00e9coles coraniques et ensuite, au sein d\u2019\u00e9tablissements scolaires. Amoureux du 7e art, Sa\u00e2ri fr\u00e9quentait\u00a0 les salles obscures de Derb Sultan, entre autres le cin\u00e9ma th\u00e9\u00e2tre Al Malaki, El Kawakib. Une belle \u00e9poque o\u00f9 il fit la d\u00e9couverte du reste du monde \u00a0\u00e0 travers l\u2019image et le cin\u00e9ma ouvert sur les autres continents. Tr\u00e8s jeune, Ahmed Sa\u00e2ri s\u2019est adonn\u00e9 au th\u00e9\u00e2tre. Ses d\u00e9buts remontent aux ann\u00e9es 50.<\/p>\n<p class=\"c4\">C\u2019est en 1956, \u00e0 l\u2019\u00e2ge de 16 ans, que le com\u00e9dien entame son parcours artistique dans la \u00abtroupe de th\u00e9\u00e2tre marocaine\u00bb qui regroupait une belle brochette de com\u00e9diens et de dramaturges marocains tels que Tayeb Saddiki, Ahmed Tayeb La\u00e2lej, Mohamed Afifi et Abdessamad Kenfaoui. Que de grands noms qui avaient jet\u00e9 les fondements d\u2019un th\u00e9\u00e2tre national enracin\u00e9 dans sa culture populaire et mill\u00e9naire, mais aussi ouvert sur l\u2019universalisme.<\/p>\n<p class=\"c4\">Apr\u00e8s 9 ans d\u2019 exp\u00e9rience, Ahmed Sa\u00e2ri est devenu en 1965 professeur au Conservatoire municipal de musique, de danse et d\u2019art dramatique de Casablanca qui a donn\u00e9 naissance \u00e0 d\u2019autres noms et futures figures embl\u00e9matiques de la sc\u00e8ne th\u00e9\u00e2trale nationale dont le couple Aziz Sa\u00e2d Allah et Khadija Assad, les com\u00e9diens Houcine Beniaz (Baz), Fouad Saadllah, Smail Abou Lknater\u00a0 et\u00a0 Miloud El Habachi et d\u2019autres artistes. Incontestablement, le conservatoire \u00e9tait, \u00e0 l\u2019\u00e9poque, une v\u00e9ritable p\u00e9pini\u00e8re o\u00f9 ont \u00e9t\u00e9 form\u00e9s, dans les r\u00e8gles de l\u2019art, des artistes talentueux et porteurs d\u2019une vision et d\u2019un projet culturel dans un contexte o\u00f9 le pays vivait dans les ann\u00e9es 60 et 70 de v\u00e9ritables changements sur tous les plans y compris artistique. Sa\u00e2ri ayant c\u00f4toy\u00e9 la g\u00e9n\u00e9ration de son \u00e9poque notamment casablancaise, entre autres Mustapha Dassoukine, les fr\u00e8res El Badaoui, Abdelaadim Chennaoui a contribu\u00e9 au dynamisme culturel et artistique de sa ville natale. En outre, avec le monstre sacr\u00e9 du th\u00e9\u00e2tre marocain, Tayeb Saddiki, il a \u00e9t\u00e9 la cheville ouvri\u00e8re\u00a0 du Th\u00e9\u00e2tre municipal de Casablanca pendant plus de 13 ans.<\/p>\n<p class=\"c4\">A cette \u00e9poque, l\u2019\u00e9tablissement accueillait les artistes de renomm\u00e9e internationale et les troupes nationales qui avaient l\u2019habitude d\u2019entamer leurs tourn\u00e9es nationales \u00e0 travers ce th\u00e9\u00e2tre. L\u2019histoire de ce petit bijou s\u2019est arr\u00eat\u00e9e malheureusement avec sa d\u00e9molition en 1984. Une v\u00e9ritable perte pour la ville et sa population!<\/p>\n<p class=\"c4\">Un \u00ab\u00a0P\u00e8re spirituel\u00a0\u00bb pour certains, un \u00abGoogle du th\u00e9\u00e2tre marocain\u00bb pour d\u2019autres, Sa\u00e2ri aune m\u00e9moire forte et infaillible o\u00f9 sont gard\u00e9es pr\u00e9cieusement les adresses des artistes. Il a jou\u00e9 pendant des ann\u00e9es le r\u00f4le d\u2019impresario, un \u00abm\u00e9tier\u00bb qui \u00e9tait nouveau au Maroc. C\u2019est vers lui que se dirigeaient les r\u00e9alisateurs marocains ou \u00e9trangers quand ils avaient besoin du contact d\u2019un profil.<\/p>\n<p class=\"c4\">Ahmed Sa\u00e2ri est aussi un grand acteur qui a enrichi la filmographie marocaine. Le com\u00e9dien est connu par son militantisme et sa lutte pour les droits sociaux et culturels des artistes marocains. Longue vie \u00e0 Ahmed Sa\u00e2ri.<\/p>\n<p class=\"c5\"><strong>Mohamed Nait Youssef<\/strong><\/p>\n<p>Auteur: rahal mehamed<br \/>\n<a href=\"http:\/\/albayane.press.ma\/ahmed-saari-le-google-du-theatre-marocain.html\">Cliquez ici pour lire l&rsquo;article depuis sa source.<\/a><\/p>\n","protected":false},"excerpt":{"rendered":"<p>C\u2019est une m\u00e9moire vivante, l\u2019un des v\u00e9t\u00e9rans et pr\u00e9curseurs du th\u00e9\u00e2tre marocain. Ahmed Sa\u00e2ri ou le\u00a0 \u00abGoogle du th\u00e9\u00e2tre marocain\u00bb comme beaucoup d\u2019amis et de professionnels du domaine aiment l\u2019appeler, a beaucoup donn\u00e9 au paysage culturel et th\u00e9\u00e2tral national. Une longue carri\u00e8re qui s\u2019est \u00e9tal\u00e9e sur de nombreuses ann\u00e9es de recherche et de travail rigoureux. [&hellip;]<\/p>\n","protected":false},"author":1760,"featured_media":0,"comment_status":"closed","ping_status":"closed","sticky":false,"template":"","format":"standard","meta":{"fifu_image_url":"","fifu_image_alt":"","footnotes":""},"categories":[73,54],"tags":[],"class_list":["post-36829","post","type-post","status-publish","format-standard","hentry","category-actualite","category-maroc"],"_links":{"self":[{"href":"https:\/\/linitiative.ca\/International\/wp-json\/wp\/v2\/posts\/36829","targetHints":{"allow":["GET"]}}],"collection":[{"href":"https:\/\/linitiative.ca\/International\/wp-json\/wp\/v2\/posts"}],"about":[{"href":"https:\/\/linitiative.ca\/International\/wp-json\/wp\/v2\/types\/post"}],"author":[{"embeddable":true,"href":"https:\/\/linitiative.ca\/International\/wp-json\/wp\/v2\/users\/1760"}],"replies":[{"embeddable":true,"href":"https:\/\/linitiative.ca\/International\/wp-json\/wp\/v2\/comments?post=36829"}],"version-history":[{"count":0,"href":"https:\/\/linitiative.ca\/International\/wp-json\/wp\/v2\/posts\/36829\/revisions"}],"wp:attachment":[{"href":"https:\/\/linitiative.ca\/International\/wp-json\/wp\/v2\/media?parent=36829"}],"wp:term":[{"taxonomy":"category","embeddable":true,"href":"https:\/\/linitiative.ca\/International\/wp-json\/wp\/v2\/categories?post=36829"},{"taxonomy":"post_tag","embeddable":true,"href":"https:\/\/linitiative.ca\/International\/wp-json\/wp\/v2\/tags?post=36829"}],"curies":[{"name":"wp","href":"https:\/\/api.w.org\/{rel}","templated":true}]}}