{"id":36830,"date":"2019-05-27T06:45:42","date_gmt":"2019-05-27T10:45:42","guid":{"rendered":"https:\/\/linitiative.ca\/International\/belal-etait-lhumble-intellectuel\/"},"modified":"2019-05-27T06:45:42","modified_gmt":"2019-05-27T10:45:42","slug":"belal-etait-lhumble-intellectuel","status":"publish","type":"post","link":"https:\/\/linitiative.ca\/International\/belal-etait-lhumble-intellectuel\/","title":{"rendered":"\u00abBelal \u00e9tait l\u2019humble intellectuel\u00bb"},"content":{"rendered":"<p class=\"c2\"><strong>M\u2019hamed Grine:\u00a0<\/strong><\/p>\n<p class=\"c2\"><em><span class=\"c4\"><span class=\"c3\"><img loading=\"lazy\" decoding=\"async\" class=\"size-medium wp-image-79064 alignright\" src=\"http:\/\/albayane.press.ma\/wp-content\/uploads\/mhamed-grine--230x130.jpg\" alt=\"\" width=\"230\" height=\"130\"\/>J\u2019<\/span>ai eu la chance, alors \u00e9tudiant, d\u2019avoir connu de pr\u00e8s et c\u00f4toy\u00e9 Aziz Belal, le militant, le penseur, l\u2019humaniste et l\u2019intellectuel. Belal \u00e9tait l\u2019humble intellectuel qui a le m\u00e9rit\u00e9 d\u2019avoir les outils et mots qu\u2019il faut pour transmettre \u00e0 ses \u00e9tudiants et autres ses id\u00e9es et en particulier celles du socialisme scientifique.<\/span><\/em><\/p>\n<p class=\"c2\">En plus de l\u2019intellectuel et de l\u2019enseignant que j\u2019attendais \u00e0 la CTM pour l\u2019amener dans la voiture de mon fr\u00e8re donner des conf\u00e9rences ici et l\u00e0, Aziz Belal \u00e9tait le grand homme avec qui l\u2019on prenait un sandwich au caf\u00e9 Ch\u00e2teau Brillant ou ailleurs, un homme humble et pr\u00e9cis, tr\u00e8s respectueux des autres, des rendez vous et des id\u00e9es d\u2019autrui.<\/p>\n<p class=\"c2\">C\u2019est donc Aziz Belal qui m\u2019avait appris, moi issu du quartier Yacoub El Mansour, o\u00f9 Mehdi Barka avait remport\u00e9 en 1963 ses premi\u00e8res \u00e9lections avec le score sans appel de 96 % des voix, les premi\u00e8res le\u00e7ons du socialisme scientifique, comme d\u2019autres militants, ce qui nous avait aid\u00e9s \u00e0 mieux orienter notre engagement.<\/p>\n<p class=\"c2\">Ouvert \u00e0 toutes les id\u00e9es, Aziz Belal rejetait tout dogmatisme, comme l\u2019attestent d\u2019ailleurs son \u0153uvre et ses th\u00e8ses, qui sont toujours d\u2019actualit\u00e9. Et c\u2019est gr\u00e2ce \u00e0 de telles id\u00e9es, que son parti r\u00e9ussit aujourd\u2019hui \u00e0 g\u00e9rer ses probl\u00e8mes et les divergences entre ses militants.<\/p>\n<p class=\"c5\"><strong>***<\/strong><\/p>\n<p class=\"c5\"><span class=\"c3\"><strong>Nouzha Skalli: \u00abAziz Belal sera toujours vivant dans nos c\u0153urs\u00bb<\/strong><\/span><\/p>\n<p class=\"c2\"><em><span class=\"c3\"><img loading=\"lazy\" decoding=\"async\" class=\" wp-image-79063 alignright\" src=\"http:\/\/albayane.press.ma\/wp-content\/uploads\/Nouzha-Skalli-230x130.jpg\" alt=\"\" width=\"269\" height=\"152\"\/>L<\/span><span class=\"c6\">es mots sont souvent trop pauvres pour exprimer une douleur collective, pour exprimer les larmes ruisselantes sur tous les visages, les sanglots si d\u00e9chirants quand ils sortent de la gorge des hommes, mais transform\u00e9s en regrets. Comment les mots peuvent-ils d\u00e9crire cette foule impressionnante et dense de milliers de gens assembl\u00e9s devant le domicile de notre camarade disparu Aziz Belal?<\/span><\/em><\/p>\n<p class=\"c2\">Aziz Belal \u00e9tait le ma\u00eetre, le professeur, il a form\u00e9 des g\u00e9n\u00e9rations de licenci\u00e9s et d\u2019\u00e9conomistes. Participant au cort\u00e8ge qui devait conduire mon camarade Si Aziz vers le cimeti\u00e8re, j\u2019eus une crevaison \u00e0 un des pneus de ma voiture ; alors que je transportais deux femmes, n\u2019ayant pas le temps de la r\u00e9parer, je fis signe \u00e0 la premi\u00e8re voiture \u00e0 un seul passager. Le conducteur nous prit dans sa voiture ; son visage \u00e9tait inond\u00e9 de larmes, pendant toute la route, il n\u2019arr\u00eata pas de sangloter. Je lui demandais doucement s\u2019il \u00e9tait un parent, un ami peut \u00eatre un camarade ? Il me r\u00e9pondit : ah Si Aziz, c\u2019\u00e9tait mon professeur, c\u2019est lui qui m\u2019a form\u00e9,\u00a0 je suis un ancien \u00e9l\u00e8ve.<\/p>\n<p class=\"c2\">Moi je suis sa camarade et ma douleur a \u00e9t\u00e9 terrible mais je suis rest\u00e9e perplexe : comment donc un ancien \u00e9l\u00e8ve peut-il tant pleurer son professeur, fallait-il que ses analyses, que sa finesse que son sens de l\u2019humour, que sa modestie et sa gentillesse surtout soient fortes pour que tant d\u2019\u00e9tudiants et d\u2019anciens \u00e9tudiants soient ainsi secou\u00e9s de sanglots. Si Aziz \u00e9tait un grand homme dont tous les Marocains \u00e9taient tr\u00e8s fiers, un grand ma\u00eetre militant qui a consacr\u00e9 toute sa vie \u00e0 la lutte pour son pays et pour son peuple qu\u2019il aimait tant. C\u2019\u00e9tait un homme qui ignorait la grandiloquence ou l\u2019orgueil, sa modestie et sa gentillesse \u00e9taient aussi grandes que sa vaste culture et son immense intelligence, il est un exemple \u00e0 suivre pour tous les Marocains. C\u2019est pourquoi Aziz Belal sera toujours vivant, il sera toujours li\u00e9 dans nos c\u0153urs, dans nos bouches et dans nos t\u00eates.<\/p>\n<p class=\"c2\">Nous ferons tout pour continuer la lutte pour les nobles objectifs pour lesquels il a consacr\u00e9 sa vie.<\/p>\n<p>Auteur: rahal mehamed<br \/>\n<a href=\"http:\/\/albayane.press.ma\/belal-etait-lhumble-intellectuel.html\">Cliquez ici pour lire l&rsquo;article depuis sa source.<\/a><\/p>\n","protected":false},"excerpt":{"rendered":"<p>M\u2019hamed Grine:\u00a0 J\u2019ai eu la chance, alors \u00e9tudiant, d\u2019avoir connu de pr\u00e8s et c\u00f4toy\u00e9 Aziz Belal, le militant, le penseur, l\u2019humaniste et l\u2019intellectuel. Belal \u00e9tait l\u2019humble intellectuel qui a le m\u00e9rit\u00e9 d\u2019avoir les outils et mots qu\u2019il faut pour transmettre \u00e0 ses \u00e9tudiants et autres ses id\u00e9es et en particulier celles du socialisme scientifique. En [&hellip;]<\/p>\n","protected":false},"author":1760,"featured_media":36831,"comment_status":"closed","ping_status":"closed","sticky":false,"template":"","format":"standard","meta":{"fifu_image_url":"","fifu_image_alt":"","footnotes":""},"categories":[73,54],"tags":[],"class_list":["post-36830","post","type-post","status-publish","format-standard","has-post-thumbnail","hentry","category-actualite","category-maroc"],"_links":{"self":[{"href":"https:\/\/linitiative.ca\/International\/wp-json\/wp\/v2\/posts\/36830","targetHints":{"allow":["GET"]}}],"collection":[{"href":"https:\/\/linitiative.ca\/International\/wp-json\/wp\/v2\/posts"}],"about":[{"href":"https:\/\/linitiative.ca\/International\/wp-json\/wp\/v2\/types\/post"}],"author":[{"embeddable":true,"href":"https:\/\/linitiative.ca\/International\/wp-json\/wp\/v2\/users\/1760"}],"replies":[{"embeddable":true,"href":"https:\/\/linitiative.ca\/International\/wp-json\/wp\/v2\/comments?post=36830"}],"version-history":[{"count":0,"href":"https:\/\/linitiative.ca\/International\/wp-json\/wp\/v2\/posts\/36830\/revisions"}],"wp:featuredmedia":[{"embeddable":true,"href":"https:\/\/linitiative.ca\/International\/wp-json\/"}],"wp:attachment":[{"href":"https:\/\/linitiative.ca\/International\/wp-json\/wp\/v2\/media?parent=36830"}],"wp:term":[{"taxonomy":"category","embeddable":true,"href":"https:\/\/linitiative.ca\/International\/wp-json\/wp\/v2\/categories?post=36830"},{"taxonomy":"post_tag","embeddable":true,"href":"https:\/\/linitiative.ca\/International\/wp-json\/wp\/v2\/tags?post=36830"}],"curies":[{"name":"wp","href":"https:\/\/api.w.org\/{rel}","templated":true}]}}