{"id":36833,"date":"2019-05-27T07:08:26","date_gmt":"2019-05-27T11:08:26","guid":{"rendered":"https:\/\/linitiative.ca\/International\/efficacite-energetique-des-pistes-pour-un-service-public-moins-energivore\/"},"modified":"2019-05-27T07:08:26","modified_gmt":"2019-05-27T11:08:26","slug":"efficacite-energetique-des-pistes-pour-un-service-public-moins-energivore","status":"publish","type":"post","link":"https:\/\/linitiative.ca\/International\/efficacite-energetique-des-pistes-pour-un-service-public-moins-energivore\/","title":{"rendered":"Efficacit\u00e9 \u00e9nerg\u00e9tique: Des pistes pour un service public moins \u00e9nergivore"},"content":{"rendered":"<p class=\"c4\"><span class=\"c3\"><strong><em><span class=\"c2\">C\u2019<\/span>est connu, le secteur public est un mauvais \u00e9l\u00e8ve en mati\u00e8re d\u2019efficacit\u00e9 \u00e9nerg\u00e9tique. Le minist\u00e8re de l\u2019Energie s\u2019\u00e9tait fix\u00e9 comme l\u2019objectif de r\u00e9duire de 5% par an la facture de l\u2019\u00e9lectricit\u00e9 des administrations publiques d\u00e8s cette ann\u00e9e\u00a0et de pousser celles-ci \u00e0 g\u00e9n\u00e9rer de l\u2019\u00e9lectricit\u00e9 d\u2019origine propre, notamment solaire. Le potentiel d\u2019\u00e9conomie d\u2019\u00e9nergie est estim\u00e9 \u00e0 plus de 30%. Aucun des d\u00e9partements n\u2019\u00e9chappera \u00e0 ce virage \u00e9nerg\u00e9tique.<\/em><\/strong><\/span><\/p>\n<p class=\"c4\">Les pistes propos\u00e9es par le ministre de l\u2019Energie, lors de la premi\u00e8re r\u00e9union de la Commission nationale de l\u2019efficacit\u00e9 \u00e9nerg\u00e9tique, tenue la semaine derni\u00e8re,s\u2019inscrivent dans cet objectif. Aziz Rebbah a soulign\u00e9 que l\u2019initiative de cr\u00e9er des commissions sectorielles d\u2019efficacit\u00e9 \u00e9nerg\u00e9tique regroupant toutes les parties prenantes, notamment dans l\u2019\u00e9clairage public, vise \u00e0 proposer une feuille de route portant sur des mesures et actions concr\u00e8tes. Il revient maintenant aux communes de mettre en place un mod\u00e8le de gouvernance appropri\u00e9e et des m\u00e9canismes de financement permettant d\u2019exploiter le potentiel d\u2019\u00e9conomie d\u2019\u00e9nergie y aff\u00e9rent.<\/p>\n<p class=\"c4\">Cela ne va pas sans r\u00e9glementation adapt\u00e9e. D\u2019ailleurs, Aziz Rebbah a insist\u00e9 sur l\u2019importance\u00a0d\u2019adopter de nouvelles normes pour garantir les performances \u00e9nerg\u00e9tiques des \u00e9quipements et installations sur le march\u00e9 national et assurer l\u2019efficacit\u00e9 de l\u2019\u00e9clairage public. Cela passe par le choix de solutions appropri\u00e9es assurant la durabilit\u00e9 des syst\u00e8mes et des \u00e9quipements de l\u2019\u00e9clairage public.<\/p>\n<p class=\"c4\">Cependant, le d\u00e9veloppement de l\u2019efficacit\u00e9 \u00e9nerg\u00e9tique dans l\u2019\u00e9clairage public dans les communes n\u00e9cessite le renforcement de capacit\u00e9s de son personnel, comme l\u2019a soulign\u00e9 le ministre. Pour cela, une \u00e9quipe\u00a0des repr\u00e9sentants du minist\u00e8re de l\u2019Energie, du d\u00e9partement de l\u2019Int\u00e9rieur, de l\u2019AMEE et de la SIE devra constitu\u00e9e afin d\u2019accompagner les communes dans leur politique d\u2019\u00e9clairage public. Cette \u00e9quipe devra aussi les aider \u00e0 choisir les solutions technologiques adapt\u00e9es.<\/p>\n<p class=\"c4\">Reste \u00e0 trouver le financement n\u00e9cessaire pour emprunter la voie de la transition \u00e9nerg\u00e9tique. Sur ce point, Aziz Rebbah sugg\u00e8re le financement des \u00e9tudes et des audits \u00e9nerg\u00e9tiques \u00e0 travers un partenariat \u00e0 conclure entre le son d\u00e9partement, l\u2019AMEE, la SIE et le Fonds d\u2019\u00e9quipement communal.<\/p>\n<p class=\"c4\">En attendant, le ministre a fait savoir que des groupes de travail th\u00e9matiques seront constitu\u00e9s pour pr\u00e9parer une feuille de route qui s\u2019articule autour de trois principaux axes, \u00e0 savoir \u00a0le plan de renforcement des capacit\u00e9s en mati\u00e8re d\u2019efficacit\u00e9 \u00e9nerg\u00e9tique dans l\u2019\u00e9clairage public, la normalisation\u00a0et l\u2019accompagnement technique de communes, le renforcement de la r\u00e9glementation\u00a0en la mati\u00e8re et les m\u00e9canismes de financement.<\/p>\n<p class=\"c5\"><strong>Hajar Benezha<\/strong><\/p>\n<p>Auteur: rahal mehamed<br \/>\n<a href=\"http:\/\/albayane.press.ma\/efficacite-energetique-des-pistes-pour-un-service-public-moins-energivore.html\">Cliquez ici pour lire l&rsquo;article depuis sa source.<\/a><\/p>\n","protected":false},"excerpt":{"rendered":"<p>C\u2019est connu, le secteur public est un mauvais \u00e9l\u00e8ve en mati\u00e8re d\u2019efficacit\u00e9 \u00e9nerg\u00e9tique. Le minist\u00e8re de l\u2019Energie s\u2019\u00e9tait fix\u00e9 comme l\u2019objectif de r\u00e9duire de 5% par an la facture de l\u2019\u00e9lectricit\u00e9 des administrations publiques d\u00e8s cette ann\u00e9e\u00a0et de pousser celles-ci \u00e0 g\u00e9n\u00e9rer de l\u2019\u00e9lectricit\u00e9 d\u2019origine propre, notamment solaire. Le potentiel d\u2019\u00e9conomie d\u2019\u00e9nergie est estim\u00e9 \u00e0 [&hellip;]<\/p>\n","protected":false},"author":1760,"featured_media":0,"comment_status":"closed","ping_status":"closed","sticky":false,"template":"","format":"standard","meta":{"fifu_image_url":"","fifu_image_alt":"","footnotes":""},"categories":[73,54],"tags":[],"class_list":["post-36833","post","type-post","status-publish","format-standard","hentry","category-actualite","category-maroc"],"_links":{"self":[{"href":"https:\/\/linitiative.ca\/International\/wp-json\/wp\/v2\/posts\/36833","targetHints":{"allow":["GET"]}}],"collection":[{"href":"https:\/\/linitiative.ca\/International\/wp-json\/wp\/v2\/posts"}],"about":[{"href":"https:\/\/linitiative.ca\/International\/wp-json\/wp\/v2\/types\/post"}],"author":[{"embeddable":true,"href":"https:\/\/linitiative.ca\/International\/wp-json\/wp\/v2\/users\/1760"}],"replies":[{"embeddable":true,"href":"https:\/\/linitiative.ca\/International\/wp-json\/wp\/v2\/comments?post=36833"}],"version-history":[{"count":0,"href":"https:\/\/linitiative.ca\/International\/wp-json\/wp\/v2\/posts\/36833\/revisions"}],"wp:attachment":[{"href":"https:\/\/linitiative.ca\/International\/wp-json\/wp\/v2\/media?parent=36833"}],"wp:term":[{"taxonomy":"category","embeddable":true,"href":"https:\/\/linitiative.ca\/International\/wp-json\/wp\/v2\/categories?post=36833"},{"taxonomy":"post_tag","embeddable":true,"href":"https:\/\/linitiative.ca\/International\/wp-json\/wp\/v2\/tags?post=36833"}],"curies":[{"name":"wp","href":"https:\/\/api.w.org\/{rel}","templated":true}]}}