{"id":36836,"date":"2019-05-27T07:01:51","date_gmt":"2019-05-27T11:01:51","guid":{"rendered":"https:\/\/linitiative.ca\/International\/candidatures-a-lelection-presidentielle-plus-on-est-des-fous-plus-on-rit\/"},"modified":"2019-05-27T07:01:51","modified_gmt":"2019-05-27T11:01:51","slug":"candidatures-a-lelection-presidentielle-plus-on-est-des-fous-plus-on-rit","status":"publish","type":"post","link":"https:\/\/linitiative.ca\/International\/candidatures-a-lelection-presidentielle-plus-on-est-des-fous-plus-on-rit\/","title":{"rendered":"Candidatures \u00e0 l\u2019\u00e9lection pr\u00e9sidentielle Plus on est des fous\u2026 plus on rit !"},"content":{"rendered":"<p><strong><em>Elle est, vraiment, ridicule, la situation dans le pays, avec des personnes qui ne peuvent, m\u00eame pas diriger leurs familles et qui aspirent \u00e0 se porter candidates \u00e0 la magistrature supr\u00eame, pour aller dormir au palais de Carthage\u2026 Mais, leurs r\u00eaves ont-ils une chance de devenir r\u00e9alit\u00e9\u00a0? Ce ne semble pas possible, surtout que certains de ces potentiels candidats ne vont pas se reconna\u00eetre eux-m\u00eames s\u2019ils se regardent dans un miroir, lorsqu\u2019ils se r\u00e9veillent, le matin. Toutefois, plus on est des fous, plus on rit, comme le dit l\u2019adage, surtout que la note de l\u2019organisation de la pr\u00e9sidentielle sera pay\u00e9e par le pauvre peuple.<\/em><\/strong><\/p>\n<p>La candidature \u00e0 la pr\u00e9sidence de la R\u00e9publique est un droit garanti par la Constitution, \u00e0 condition que le candidat r\u00e9unisse cinq mille signature, soit m\u00eame pas un pour cent du nombre des \u00e9lecteurs. Toutefois, cela ne peut pas durer, surtout si on se rappelle les r\u00e9sultats de la pr\u00e9c\u00e9dente pr\u00e9sidentielle o\u00f9 certains de ces candidats n\u2019ont pas atteint ce 1%, ce qui les avait ridiculis\u00e9, tout en montrant qu\u2019ils ont fait usage de subterfuges et de magouilles, pour atteindre ces cinq mille signatures. Trop de personnes affutent leurs armes et croient qu\u2019ils peuvent occuper le poste de pr\u00e9sident de la R\u00e9publique, et c\u2019est leur droit, surtout apr\u00e8s avoir vu qui avaient occup\u00e9 ce poste, alors que personne ne pouvait parier un millime sur leur chance.<\/p>\n<p>Ce fut le cas avec l\u2019ancien pr\u00e9sident par int\u00e9rim de la R\u00e9publique, Mohamed Moncef Marzouki, qui, all\u00e9ch\u00e9, puis propuls\u00e9 par le mouvement islamiste Ennahdha, avait eu la chance d\u2019occuper le palais de Carthage, alors qu\u2019il n\u2019avait r\u00e9colt\u00e9 que quelques six mille voix, dans sa circonscription \u00e9lectorale. Sans oublier que son passage \u00e0 la magistrature supr\u00eame du pays avait \u00e9t\u00e9 accompagn\u00e9 de toutes les catastrophes possibles et inimaginables.<\/p>\n<p>Ce personnage \u00e9nigmatique affiche, de nouveau ses ambitions, surtout qu\u2019il a un parti qu\u2019il a remodel\u00e9 \u00e0 sa mesure et qu\u2019il compte, en plus, sur un possible soutien de ses alli\u00e9s islamistes, s\u2019il a un peu de chance, comme pour la derni\u00e8re fois.<\/p>\n<p>A cette candidature s\u2019ajoute celle de l\u2019ancien chef du gouvernement Hamadi Jebali qui a annonc\u00e9, r\u00e9cemment, son intention de se porter candidat \u00e0 la prochaine \u00e9lection pr\u00e9sidentielle en sa qualit\u00e9 d\u2019ind\u00e9pendant, relevant qu\u2019aucun accord pr\u00e9alable n\u2019a \u00e9t\u00e9 convenu avec Ennahdha \u00e0 ce sujet.<\/p>\n<p>\u00ab En tant qu\u2019ancien dirigeant du mouvement Ennahdha, je serais honor\u00e9 de b\u00e9n\u00e9ficier des voix de ses \u00e9lecteurs \u00bb, a-t-il d\u00e9clar\u00e9 lors d\u2019une r\u00e9union \u00e0 Sfax. Selon lui, le pr\u00e9sident de la R\u00e9publique doit \u00eatre ind\u00e9pendant, au-dessus de tous les partis et \u00e0 l\u2019\u00e9cart des surench\u00e8res pour repr\u00e9senter toutes les classes sociales et \u00eatre la voix des sans-voix.<\/p>\n<p>Lors des prochaines \u00e9lections, le peuple tunisien fera face \u00e0 deux choix\u00a0: soit le retour de l\u2019ancien syst\u00e8me, de la dictature et des lobbys corrompus, soit continuer le processus de r\u00e9alisation des objectifs de la r\u00e9volution, choix qui reste viable gr\u00e2ce \u00e0 une \u00e9lection et un vote conscients, a-t-il dit.<\/p>\n<p>\u00ab La Tunisie a besoin d\u2019un projet national pour sauver le pays de la situation \u00e9conomique, sociale et s\u00e9curitaire qu\u2019il traverse sous la conduite d\u2019un pr\u00e9sident ind\u00e9pendant vis-\u00e0-vis de tous les partis \u00ab , a-t-il ajout\u00e9.<\/p>\n<p>Cette argumentation tient la route, mais il oublie que les temps ont chang\u00e9, qu\u2019il a perdu beaucoup de sa cr\u00e9dibilit\u00e9, en quittant le poste de chef de gouvernement par la petite porte, et en se faisant oublier en quittant la sc\u00e8ne politique, depuis son \u00e9viction et le gel de sa participation au mouvement Ennahdha.<\/p>\n<p>D\u2019autres candidats sont hiss\u00e9s et pouss\u00e9s par les sondages, notamment certains qui avaient d\u00e9j\u00e0 tent\u00e9 l\u2019exp\u00e9rience en ne r\u00e9coltant que moins de 5%, notamment Hamma Hammami, le porte-parole du Front populaire dont le score n\u2019\u00e9tait pas aussi brillant, lors des \u00e9lections de 2014.<\/p>\n<p>Il faut compter, aussi, avec des nouveaux venus qui ont de l\u2019ambition et qui cherchent \u00e0 jouer sur la cr\u00e9dulit\u00e9 de l\u2019opinion publique. On cite, \u00e0 ce propos, Ka\u00efs Sa\u00efd, Mehdi Jomaa, Mohamed Abbou, Abir Moussi, et tant d\u2019autres qui vont aider \u00e0 gaspiller les deniers publics, sans aucune chance de percer.<\/p>\n<p>Il faut, peut-\u00eatre, aussi compter sur la candidature (non d\u00e9clar\u00e9e, jusqu\u2019\u00e0 maintenant) du pr\u00e9sident du gouvernement, Youssef Chahed qui, avec son nouveau parti, peut avoir de nouvelles ambitions, s\u2019il attire les rescap\u00e9s de Nidaa Toun\u00e8s qui sont assez nombreux. Mais vivra qui verra.<\/p>\n<p>Ainsi, plus on est des fous, plus on rit\u2026 mais, c\u2019est une rigolade am\u00e8re qui risque de plonger le pays dans le d\u00e9sespoir total.<\/p>\n<p><strong>Faouzi SNOUSSI<\/strong><\/p>\n<p class=\"dpsp-share-text\">Partager c&rsquo;est aimer!<\/p>\n<div class=\"wp-post-author-wrap wp-post-author-shortcode left\">\n<h3 class=\"awpa-title\"\/>\n<div class=\"wp-post-author\">\n<div class=\"awpa-img awpa-author-block square\"><a href=\"http:\/\/lexpertjournal.net\/fr\/author\/expert\/\"><img loading=\"lazy\" decoding=\"async\" alt=\"\" src=\"http:\/\/2.gravatar.com\/avatar\/56d99be2a6f97af88ccb49fada637fcd?s=150&#038;d=mm&#038;r=g\" srcset=\"http:\/\/2.gravatar.com\/avatar\/56d99be2a6f97af88ccb49fada637fcd?s=300&#038;d=mm&#038;r=g 2x\" class=\"avatar avatar-150 photo\" height=\"150\" width=\"150\"\/><\/a><\/div>\n<\/div>\n<\/div>\n<p>Auteur: L&rsquo;expert<br \/>\n<a href=\"http:\/\/lexpertjournal.net\/fr\/2019\/05\/27\/candidatures-a-lelection-presidentielle-plus-on-est-des-fous-plus-on-rit\/\">Cliquez ici pour lire l&rsquo;article depuis sa source.<\/a><\/p>\n","protected":false},"excerpt":{"rendered":"<p>Elle est, vraiment, ridicule, la situation dans le pays, avec des personnes qui ne peuvent, m\u00eame pas diriger leurs familles et qui aspirent \u00e0 se porter candidates \u00e0 la magistrature supr\u00eame, pour aller dormir au palais de Carthage\u2026 Mais, leurs r\u00eaves ont-ils une chance de devenir r\u00e9alit\u00e9\u00a0? Ce ne semble pas possible, surtout que certains [&hellip;]<\/p>\n","protected":false},"author":1775,"featured_media":0,"comment_status":"closed","ping_status":"closed","sticky":false,"template":"","format":"standard","meta":{"fifu_image_url":"","fifu_image_alt":"","footnotes":""},"categories":[78,55],"tags":[],"class_list":["post-36836","post","type-post","status-publish","format-standard","hentry","category-economie","category-tunisie"],"_links":{"self":[{"href":"https:\/\/linitiative.ca\/International\/wp-json\/wp\/v2\/posts\/36836","targetHints":{"allow":["GET"]}}],"collection":[{"href":"https:\/\/linitiative.ca\/International\/wp-json\/wp\/v2\/posts"}],"about":[{"href":"https:\/\/linitiative.ca\/International\/wp-json\/wp\/v2\/types\/post"}],"author":[{"embeddable":true,"href":"https:\/\/linitiative.ca\/International\/wp-json\/wp\/v2\/users\/1775"}],"replies":[{"embeddable":true,"href":"https:\/\/linitiative.ca\/International\/wp-json\/wp\/v2\/comments?post=36836"}],"version-history":[{"count":0,"href":"https:\/\/linitiative.ca\/International\/wp-json\/wp\/v2\/posts\/36836\/revisions"}],"wp:attachment":[{"href":"https:\/\/linitiative.ca\/International\/wp-json\/wp\/v2\/media?parent=36836"}],"wp:term":[{"taxonomy":"category","embeddable":true,"href":"https:\/\/linitiative.ca\/International\/wp-json\/wp\/v2\/categories?post=36836"},{"taxonomy":"post_tag","embeddable":true,"href":"https:\/\/linitiative.ca\/International\/wp-json\/wp\/v2\/tags?post=36836"}],"curies":[{"name":"wp","href":"https:\/\/api.w.org\/{rel}","templated":true}]}}