{"id":36839,"date":"2019-05-27T07:07:51","date_gmt":"2019-05-27T11:07:51","guid":{"rendered":"https:\/\/linitiative.ca\/International\/tunisiens-a-letranger-et-elections-volonte-de-participer-mais-trop-dobstacles\/"},"modified":"2019-05-27T07:07:51","modified_gmt":"2019-05-27T11:07:51","slug":"tunisiens-a-letranger-et-elections-volonte-de-participer-mais-trop-dobstacles","status":"publish","type":"post","link":"https:\/\/linitiative.ca\/International\/tunisiens-a-letranger-et-elections-volonte-de-participer-mais-trop-dobstacles\/","title":{"rendered":"Tunisiens \u00e0 l\u2019\u00e9tranger et \u00e9lections Volont\u00e9 de participer\u2026 mais trop d\u2019obstacles"},"content":{"rendered":"<p><strong><em>Etre un bon citoyen tout en r\u00e9sidant \u00e0 l\u2019\u00e9tranger semble une mission difficile. Il n\u2019y a qu\u2019\u00e0 voir les calvaires des Tunisiens \u00e0 l\u2019\u00e9tranger qui veulent s\u2019inscrire sur le registre \u00e9lectoral, pour comprendre ce qu\u2019il faut endurer, pour participer aux \u00e9lections.<\/em><\/strong><\/p>\n<p><strong><em>Depuis le 10 avril dernier, date d\u2019ouverture de l\u2019inscription sur les listes \u00e9lectorales en vue des \u00e9lections l\u00e9gislatives et pr\u00e9sidentielle tunisiennes devant avoir lieu en octobre et novembre prochains, des associations, des partis politiques ainsi que des citoyens r\u00e9sidant \u00e0 l\u2019\u00e9tranger ont appel\u00e9 l\u2019ISIE \u00e0 mettre en \u0153uvre de toute urgence l\u2019ensemble des moyens n\u00e9cessaires qui permettront aux Tunisiens expatri\u00e9s de participer \u00e0 ces \u00e9ch\u00e9ances essentielles de la vie politique tunisienne.<\/em><\/strong><\/p>\n<p>Les Tunisiens en France demandent, notamment, la mise en place extr\u00eamement rapide des instances r\u00e9gionales (IRIES) pour assurer le bon d\u00e9roulement de toutes les phases de ces \u00e9lections et aussi de lancer une campagne de communication destin\u00e9e \u00e0 sensibiliser les \u00e9lecteurs quant \u00e0 l\u2019importance majeure de ces \u00e9lections.<\/p>\n<p>De nombreux t\u00e9moignages de Tunisiens vivant en France ont exprim\u00e9 de l\u2019amertume li\u00e9e, en premier lieu, \u00e0 la situation sociale et \u00e9conomique qui r\u00e8gne dans le pays et qui ne cesse de se d\u00e9grader depuis 2011. Beaucoup disent ne plus avoir confiance dans les politiques et leurs promesses, puisque, ces derni\u00e8res sont oubli\u00e9es aussit\u00f4t les urnes referm\u00e9es, d\u2019o\u00f9 leur d\u00e9sint\u00e9r\u00eat pour les \u00e9lections. Sur un plan pratique, ils stigmatisent l\u2019absence des agents de l\u2019ISIE pour superviser l\u2019inscription sur les listes \u00e9lectorales dans les bureaux des missions diplomatiques \u00e0 l\u2019\u00e9tranger.<\/p>\n<p><strong>Absence de communication<\/strong><\/p>\n<p>Pr\u00e9sident de l\u2019association \u00ab Twenssa en France \u00bb et journaliste \u00e0 Radio Soleil \u00e0 Paris, Amine Abdelli va dans ce sens et pr\u00e9voit \u00ab qu\u2019il y aura une grande r\u00e9ticence au niveau de la participation des Tunisiens \u00e0 l\u2019\u00e9tranger aux \u00e9lections 2019, \u00e0 cause de la perte d\u2019espoir qu\u2019un changement se fasse vers le mieux en Tunisie, outre les complications de leur d\u00e9marche pour l\u2019inscription aux \u00e9lections \u00bb. Et d\u2019expliquer \u00ab l\u2019ISIE a non seulement confi\u00e9 l\u2019inscription de la diaspora aux consulats, mais elle a mis en place un syst\u00e8me d\u2019inscription en ligne qui ne fonctionne pas comme il faut \u00bb.<\/p>\n<p>Abdelli ajoute, en la d\u00e9plorant, \u00ab l\u2019absence de campagnes de sensibilisation aux \u00e9lections, cette fois-ci, contrairement aux \u00e9ch\u00e9ances pr\u00e9c\u00e9dentes quand il y avait un interlocuteur qui repr\u00e9sentait l\u2019ISIE, d\u00e8s le premier jour de l\u2019inscription aux \u00e9lections \u00bb ainsi que \u00ab la communication avec les m\u00e9dias et les tribunes en ligne pour sensibiliser les \u00e9lecteurs \u00e0 exercer leur droit de vote\u2026 \u00bb.<\/p>\n<p>De surcro\u00eet, il a \u00e9voqu\u00e9 un autre probl\u00e8me de communication entre les Tunisiens en France et leurs repr\u00e9sentants au parlement tunisien, pr\u00e9cisant que \u00ab ces derniers r\u00e9apparaissent maintenant pour renouveler leur mandat, alors qu\u2019ils \u00e9taient absents depuis leur \u00e9lection et n\u2019ont pas tenu leurs promesses vis-\u00e0-vis de ceux qui ont vot\u00e9 pour eux\u2026 Pire encore, certains ont trahi leur confiance en changeant de parti politique par la suite, faisant ce qu\u2019on appelle du tourisme politique \u00bb.<\/p>\n<p>Pour Wissem Essid, porte-parole de l\u2019association Solidarit\u00e9 Citoyenne : \u00ab D\u2019une campagne \u00e9lectorale, on retient surtout des formules et des promesses qui ne sont pas tenues \u00bb. Et de souligner : \u00bb la cour constitutionnelle n\u2019a toujours pas vu le jour, le pouvoir d\u2019achat est \u00e0 son niveau le plus bas, le taux de ch\u00f4mage n\u2019a jamais \u00e9t\u00e9 si \u00e9lev\u00e9, la conexistence est plus que menac\u00e9e\u2026 La situation si d\u00e9licate de la Tunisie et ce climat de m\u00e9fiance g\u00e9n\u00e9rale font que pr\u00e8s des 2\/3 des \u00e9lecteurs ne savent pas encore \u00e0 qui accorder leurs suffrages. Le taux de participation et la tendance globale restent les grands inconnus de cette \u00e9lection \u00bb.<\/p>\n<p><strong>Prolonger les d\u00e9lais de l\u2019inscription<\/strong><\/p>\n<p>Essid reste cependant quelque peu optimiste, car pour lui : \u00ab Il y a toujours une part de r\u00eave dans chaque campagne \u00e9lectorale. Apr\u00e8s les \u00e9lections, on ne demande pas aux \u00e9lus de continuer leurs campagnes, mais plut\u00f4t de faire ce qu\u2019ils ont promis\u2026 Comme les agents de l\u2019ISIE ne sont pas encore pr\u00e9sents \u00e0 l\u2019\u00e9tranger, et en l\u2019absence de campagne de sensibilisation jusqu\u2019\u00e0 maintenant, nous proposons \u00e0 l\u2019ISIE de prolonger les d\u00e9lais d\u2019inscription pour les Tunisiens \u00e0 l\u2019\u00e9tranger, afin de donner plus de chance aux \u00e9lecteurs pour s\u2019inscrire. Si les \u00e9lecteurs ne se reconnaissent plus dans le paysage politique actuel, ils doivent aller voter, m\u00eame pour voter blanc. \u00ab<\/p>\n<p>Pour sa part, Mohamed Habib Sassi, le Consul de Tunisie \u00e0 Pantin (la banlieue nord-est de Paris) a indiqu\u00e9 : \u00ab Au niveau du consulat, l\u2019inscription ou le renouvellement de l\u2019inscription aux \u00e9lections se d\u00e9roulent d\u2019une mani\u00e8re normale et nous n\u2019avons pas enregistr\u00e9 de dol\u00e9ances. Nous avons mis \u00e0 la disposition des \u00e9lecteurs qui veulent s\u2019inscrire un bureau et la m\u00eame personne qui s\u2019\u00e9tait d\u00e9j\u00e0 occup\u00e9e des \u00e9lections en 2014 et 2011. L\u2019absence des agents de l\u2019ISIE pour s\u2019occuper de cette action ne d\u00e9pend pas de nous.<\/p>\n<p>\u00ab Nous respectons parfaitement l\u2019ind\u00e9pendance de l\u2019ISIE, notre association avec cette instance ne d\u00e9passe pas l\u2019aspect logistique. Actuellement, nous sommes en phase d\u2019inscription, sachant que de nombreux \u00e9lecteurs le font en ligne, mais pour le vote c\u2019est l\u2019ISIE qui s\u2019en charge totalement. Nous, en tant que mission diplomatique du minist\u00e8re des Affaires \u00e9trang\u00e8res, nous allons l\u2019aider aupr\u00e8s des autorit\u00e9s fran\u00e7aises, afin d\u2019avoir des bureaux pour organiser le vote et apporter nos services aux Tunisiens de l\u2019\u00e9tranger \u00bb, a-t-il dit.<\/p>\n<p><strong>Probl\u00e8me r\u00e9gl\u00e9 pour l\u2019inscription en ligne<\/strong><\/p>\n<p>Par ailleurs, Adel Brinsi, membre de l\u2019ISIE, a pr\u00e9cis\u00e9 \u00ab que l\u2019association de l\u2019ISIE avec le minist\u00e8re des Affaires \u00e9trang\u00e8res est conforme \u00e0 la loi \u00bb et confirm\u00e9 \u00ab que le r\u00f4le de l\u2019ex\u00e9cutif ne d\u00e9passe pas l\u2019assistance logistique. S\u2019il est vrai que nous ne sommes pas encore pr\u00e9sents \u00e0 l\u2019\u00e9tranger, nous essayons de l\u2019\u00eatre dans les plus brefs d\u00e9lais. Nos agents vont rejoindre bient\u00f4t les bureaux d\u2019inscription dans les consulats. L\u2019inscription au vote dans les missions diplomatiques ne peut en aucun cas nuire \u00e0 l\u2019ind\u00e9pendance et \u00e0 la transparence de l\u2019ISIE \u00bb.<\/p>\n<p>\u00ab Pour l\u2019inscription des Tunisiens \u00e0 l\u2019\u00e9tranger, nous comptons plut\u00f4t sur le syst\u00e8me que nous avons mis en ligne. C\u2019est vrai qu\u2019au d\u00e9but il y avait un probl\u00e8me de fonctionnement, mais nous l\u2019avons r\u00e9gl\u00e9. Concernant les chiffres, sur les presque 800.000 \u00e9lecteurs tunisiens potentiels qui vivent \u00e0 l\u2019\u00e9tranger pr\u00e8s de 400.000 ne figuraient pas encore sur les listes \u00e9lectorales. A ce jour, nous avons enregistr\u00e9 l\u2019inscription de six mille trois cent d\u2019entre eux dont plus de la moiti\u00e9 en ligne. Mais tout cela reste tr\u00e8s faible. Pour y rem\u00e9dier, nous comptons lancer des meetings avec les associations tunisiennes pr\u00e9sentes \u00e0 l\u2019\u00e9tranger et communiquer plus afin de sensibiliser les \u00e9lecteurs \u00bb.<\/p>\n<p>\u00ab Quant aux bureaux de l\u2019ISIE \u00e0 l\u2019\u00e9tranger, nous les ouvrons pour le vote mais pas pour l\u2019inscription, a-t-il ajout\u00e9. Sachant qu\u2019aux l\u00e9gislatives, la diaspora tunisienne vote pour \u00e9lire 18 d\u00e9put\u00e9s qui la repr\u00e9senteront au sein du parlement \u00bb.<\/p>\n<p>Il faut noter que la cl\u00f4ture des inscriptions sur les listes \u00e9lectorales aura lieu le 22 mai 2019.<\/p>\n<p class=\"dpsp-share-text\">Partager c&rsquo;est aimer!<\/p>\n<div class=\"wp-post-author-wrap wp-post-author-shortcode left\">\n<h3 class=\"awpa-title\"\/>\n<div class=\"wp-post-author\">\n<div class=\"awpa-img awpa-author-block square\"><a href=\"http:\/\/lexpertjournal.net\/fr\/author\/expert\/\"><img loading=\"lazy\" decoding=\"async\" alt=\"\" src=\"http:\/\/2.gravatar.com\/avatar\/56d99be2a6f97af88ccb49fada637fcd?s=150&#038;d=mm&#038;r=g\" srcset=\"http:\/\/2.gravatar.com\/avatar\/56d99be2a6f97af88ccb49fada637fcd?s=300&#038;d=mm&#038;r=g 2x\" class=\"avatar avatar-150 photo\" height=\"150\" width=\"150\"\/><\/a><\/div>\n<\/div>\n<\/div>\n<p>Auteur: L&rsquo;expert<br \/>\n<a href=\"http:\/\/lexpertjournal.net\/fr\/2019\/05\/27\/tunisiens-a-letranger-et-elections-volonte-de-participer-mais-trop-dobstacles\/\">Cliquez ici pour lire l&rsquo;article depuis sa source.<\/a><\/p>\n","protected":false},"excerpt":{"rendered":"<p>Etre un bon citoyen tout en r\u00e9sidant \u00e0 l\u2019\u00e9tranger semble une mission difficile. Il n\u2019y a qu\u2019\u00e0 voir les calvaires des Tunisiens \u00e0 l\u2019\u00e9tranger qui veulent s\u2019inscrire sur le registre \u00e9lectoral, pour comprendre ce qu\u2019il faut endurer, pour participer aux \u00e9lections. Depuis le 10 avril dernier, date d\u2019ouverture de l\u2019inscription sur les listes \u00e9lectorales en [&hellip;]<\/p>\n","protected":false},"author":1775,"featured_media":0,"comment_status":"closed","ping_status":"closed","sticky":false,"template":"","format":"standard","meta":{"fifu_image_url":"","fifu_image_alt":"","footnotes":""},"categories":[78,55],"tags":[],"class_list":["post-36839","post","type-post","status-publish","format-standard","hentry","category-economie","category-tunisie"],"_links":{"self":[{"href":"https:\/\/linitiative.ca\/International\/wp-json\/wp\/v2\/posts\/36839","targetHints":{"allow":["GET"]}}],"collection":[{"href":"https:\/\/linitiative.ca\/International\/wp-json\/wp\/v2\/posts"}],"about":[{"href":"https:\/\/linitiative.ca\/International\/wp-json\/wp\/v2\/types\/post"}],"author":[{"embeddable":true,"href":"https:\/\/linitiative.ca\/International\/wp-json\/wp\/v2\/users\/1775"}],"replies":[{"embeddable":true,"href":"https:\/\/linitiative.ca\/International\/wp-json\/wp\/v2\/comments?post=36839"}],"version-history":[{"count":0,"href":"https:\/\/linitiative.ca\/International\/wp-json\/wp\/v2\/posts\/36839\/revisions"}],"wp:attachment":[{"href":"https:\/\/linitiative.ca\/International\/wp-json\/wp\/v2\/media?parent=36839"}],"wp:term":[{"taxonomy":"category","embeddable":true,"href":"https:\/\/linitiative.ca\/International\/wp-json\/wp\/v2\/categories?post=36839"},{"taxonomy":"post_tag","embeddable":true,"href":"https:\/\/linitiative.ca\/International\/wp-json\/wp\/v2\/tags?post=36839"}],"curies":[{"name":"wp","href":"https:\/\/api.w.org\/{rel}","templated":true}]}}